{"id":1060,"date":"2020-07-23T08:01:44","date_gmt":"2020-07-23T08:01:44","guid":{"rendered":"http:\/\/www.visit.md\/?p=1060"},"modified":"2020-07-23T08:29:13","modified_gmt":"2020-07-23T08:29:13","slug":"pensiuni-comparatie-1","status":"publish","type":"post","link":"https:\/\/www.visit.md\/ro\/pensiuni-comparatie-1\/","title":{"rendered":"Unde s\u0103 te odihne\u0219ti cu copilul t\u0103u? Compar\u0103m 4 centre de agrement!"},"content":{"rendered":"\n<figure class=\"wp-block-image size-large is-resized\"><img loading=\"lazy\" src=\"http:\/\/www.visit.md\/wp-content\/uploads\/2020\/07\/109455547_3344874078885847_4210096863025961531_o-1024x1024.jpg\" alt=\"\" class=\"wp-image-1061\" width=\"768\" height=\"768\" srcset=\"https:\/\/www.visit.md\/wp-content\/uploads\/2020\/07\/109455547_3344874078885847_4210096863025961531_o-1024x1024.jpg 1024w, https:\/\/www.visit.md\/wp-content\/uploads\/2020\/07\/109455547_3344874078885847_4210096863025961531_o-300x300.jpg 300w, https:\/\/www.visit.md\/wp-content\/uploads\/2020\/07\/109455547_3344874078885847_4210096863025961531_o-150x150.jpg 150w, https:\/\/www.visit.md\/wp-content\/uploads\/2020\/07\/109455547_3344874078885847_4210096863025961531_o-768x768.jpg 768w, https:\/\/www.visit.md\/wp-content\/uploads\/2020\/07\/109455547_3344874078885847_4210096863025961531_o-1536x1536.jpg 1536w, https:\/\/www.visit.md\/wp-content\/uploads\/2020\/07\/109455547_3344874078885847_4210096863025961531_o-1200x1200.jpg 1200w, https:\/\/www.visit.md\/wp-content\/uploads\/2020\/07\/109455547_3344874078885847_4210096863025961531_o.jpg 1564w\" sizes=\"(max-width: 768px) 100vw, 768px\" \/><\/figure>\n\n\n\n<p>Sarcina a fost s\u0103 v\u0103 odihni\u021bi cu un sejur peste noapte, pentru transportare este o ma\u0219in\u0103. Testul a fost realizat \u00eenc\u0103 de al\u021bi doi tineri cu un copil de aproape doi ani, \u0219i uneori \u00eempreun\u0103 cu prieteni.<\/p>\n\n\n\n<p>Deodat\u0103 v\u0103 anun\u021b c\u0103 trebuie s\u0103 rezerva\u021bi peste tot \u00een prealabil, weekend-urile sunt de obicei ocupate cu c\u00e2teva s\u0103pt\u0103m\u00e2ni \u00eenainte. Ca bonus \u00een toate loca\u021biile, pute\u021bi m\u00e2nca delicios. Memo pentru p\u0103rin\u021bi: nu exist\u0103 p\u0103tu\u021buri pentru copii mici nic\u0103ieri, pot dormi doar pentru tine.<\/p>\n\n\n\n<h2>Fata Morgana.<\/h2>\n\n\n\n<p>Situat la un viraj pitoresc al Nistrului din satul Malovata. Baza \u00een sine este construit\u0103 pe o pant\u0103 de mai multe niveluri, de sus \u00een jos: case (2 etaje), o zon\u0103 de evenimente, o teras\u0103 pentru micul dejun \/ pr\u00e2nz, un drum, o plaj\u0103. Plaja are un teren de volei, o piscin\u0103 mic\u0103, umbr\u0103, iarb\u0103, foi\u0219or pentru gr\u0103tar. Intrarea \u00een ap\u0103 e cu alge. Deodat\u0103 v\u0103 spun c\u0103 nu am stat aici noaptea, nu am v\u0103zut casele \u00een\u0103untru &#8211; ini\u021bial ne-am cam jenat de recenziile proaste despre ele pe Internet.<\/p>\n\n\n\n<p><strong>Pro<\/strong>: vedere frumoas\u0103 de pe teras\u0103 \u0219i case, mini-plaj\u0103 pe Nistru, umbr\u0103, piscin\u0103, foi\u0219oare pe mal. Contra cost, pute\u021bi merge cu un scuter \/ iaht (nu \u0219tiu pre\u021burile).<\/p>\n\n\n\n<p><strong>Contra<\/strong>: mersul continuu \u00een sus \u0219i \u00een jos, \u00een c\u0103ldur\u0103 este epuizant, au fost b\u0103rba\u021bi cu bere \u00een piscin\u0103, este aglomerat, toaleta comun\u0103 de pe teras\u0103 nu este simpatic deloc \u0219i exist\u0103 doar un prosop comun!<\/p>\n\n\n\n<p><strong>Ideal pentru<\/strong>: odihn\u0103 activ\u0103, nu \u00eentotdeauna lini\u0219tit\u0103.<\/p>\n\n\n\n<p><strong>Pre\u021buri<\/strong>: 365 \/ persoan\u0103-noapte, mic dejun inclus, exist\u0103 camere duble \u0219i familii de 4-5 persoane.<\/p>\n\n\n\n<p><strong>Sfat<\/strong>: cel pu\u021bin, ar trebui s\u0103 veni\u021bi s\u0103 vede\u021bi \u0219i s\u0103 m\u00e2nca\u021bi zeam\u0103 pe teras\u0103.<\/p>\n\n\n\n<p><strong>Harta<\/strong>: <a href=\"https:\/\/bit.ly\/30dGxkE\">https:\/\/bit.ly\/30dGxkE<\/a>&nbsp; (70 km)<\/p>\n\n\n\n<h2>Casa Veche.<\/h2>\n\n\n\n<p>Un loc plin de suflet \u0219i frumos \u00een Palanca, unde o cas\u0103 veche de un secol este combinat\u0103 cu comodit\u0103\u021bi moderne \u0219i confort. Baza este nou\u0103, deschis\u0103 \u00een 2019, gazdele ospitaliere sunt Tatiana \u0219i Zakhar.<\/p>\n\n\n\n<p><strong>Pro<\/strong>: teritoriu fotogen \u0219i compact, hamacuri la umbr\u0103, lipsa unei mul\u021bimi mari de oameni (doar 4 camere), gazde ospitaliere, o zon\u0103 de relaxare comun\u0103 pl\u0103cut\u0103 sub acoperi\u0219. Pute\u021bi, de asemenea, s\u0103 \u00eenchiria\u021bi o biciclet\u0103 \u0219i s\u0103 v\u0103 plimba\u021bi prin \u00eemprejurimi &#8211; Nistrul este la c\u00e2\u021biva kilometri (nu \u0219tiu condi\u021biile).<\/p>\n\n\n\n<p><strong>Contra<\/strong>: 140 km sau 2 ore de la Chi\u0219in\u0103u, lipsa de peisaje luminoase \u00een jur.<\/p>\n\n\n\n<p><strong>Ideal pentru<\/strong>: o escapad\u0103 lini\u0219tit\u0103, retras\u0103, \u00een special cu copiii mici.<\/p>\n\n\n\n<p><strong><strong>Pre\u021buri<\/strong><\/strong>: 1000l \/ noapte (800l de luni pana joi). Inclus: m\u00e2ncare de bun venit, mic dejun, ceai \u0219i cafea nelimitat\u0103 (m\u0103cinat\u0103). Pr\u00e2nz \/ cin\u0103 &#8211; 100 de lei de persoan\u0103.<\/p>\n\n\n\n<p><strong>Sfaturi<\/strong>: lua\u021bi casa din dreapta &#8211; nu vor exista vecini \u0219i dimensiunea camerei este mai mare.<\/p>\n\n\n\n<p><strong>Harta<\/strong>: <a href=\"https:\/\/bit.ly\/2CECNQN\">https:\/\/bit.ly\/2CECNQN<\/a>&nbsp; (140 km)<\/p>\n\n\n\n<h2>Hanul lui Hanganu.<\/h2>\n\n\n\n<p>Unul dintre cele mai vechi astfel de locuri din Moldova, de\u021binut de familia Hanganu, situat l\u00e2ng\u0103 Nistru \u0219i renovat recent cu ajutorul fondurilor. Exist\u0103 un loc de joac\u0103, o piscin\u0103 mic\u0103 (la momentul vizitei nu era plin).<\/p>\n\n\n\n<p><strong>Pro<\/strong>: frumos, autentic, exist\u0103 un loc unde s\u0103 te plimbi. Pute\u021bi merge pentru o plimbare cu barca pentru 7-8 persoane (60 de euro p\u00e2n\u0103 la \u021a\u00eepova, 300 de lei &#8211; \u00een apropiere).<\/p>\n\n\n\n<p><strong>Contra<\/strong>: camere \u00eenghesuite \u00een casa principal\u0103, instala\u021biile trebuie s\u0103 fie actualizate, de pe trambulina de la locul de joac\u0103 po\u021bi zbura departe ( foarte periculoas\u0103).<\/p>\n\n\n\n<p><strong>Ideal pentru<\/strong>: o vacan\u021b\u0103 cu note de colorit national.<\/p>\n\n\n\n<p><strong>Pre\u021buri<\/strong>: 1000l \/ noapte \u00een casa principal\u0103, exist\u0103 op\u021biuni \u0219i pu\u021bin mai ieftine. Inclus: mic dejun. Zama cost\u0103 75 de lei, cafea (capsul\u0103) &#8211; 20 de lei, un litru de vin de cas\u0103 &#8211; 50 de lei.<\/p>\n\n\n\n<p><strong>Sfaturi<\/strong>: plimba\u021bi-v\u0103 prin \u00eemprejurimi de-a lungul Nistrului. \u00cen aval ve\u021bi g\u0103si minunatul parc \u201eLa zaliv\u201d.<\/p>\n\n\n\n<p><strong>Harta<\/strong>: <a href=\"https:\/\/bit.ly\/2C54LFP\">https:\/\/bit.ly\/2C54LFP<\/a>&nbsp;<\/p>\n\n\n\n<h2>Bahmut Club.<\/h2>\n\n\n\n<p>Zona verde umbroas\u0103 mare, cu case moderne \u0219i o atitudine foarte pl\u0103cut\u0103 fa\u021b\u0103 de oaspe\u021bi. Se pozi\u021bioneaz\u0103 ca un club, a\u0219a c\u0103 dac\u0103 merge\u021bi acolo pentru prima dat\u0103, va trebui s\u0103 parcurge\u021bi un mic \u201einterviu\u201d \u00een biroul din Chi\u0219in\u0103u din Sculeanca, s\u0103 semna\u021bi un cod de conduit\u0103 \u0219i s\u0103 da\u021bi un depozit. \u00cen practic\u0103, un astfel de \u201efiltru\u201d are un efect pozitiv asupra contingentului.<\/p>\n\n\n\n<p><strong>Pro<\/strong>: exist\u0103 unde s\u0103 mergi pe teritoriu, o mul\u021bime de leag\u0103ne, umbr\u0103 \u0219i b\u0103nci. Exist\u0103 o piscin\u0103 retras\u0103 (la momentul vizitei, tocmai a fost completat\u0103). De asemenea, pute\u021bi ajunge acolo cu trenul (gara Bahmut).<\/p>\n\n\n\n<p><strong>Contra<\/strong>: dac\u0103 ave\u021bi o cas\u0103 \u00een partea de jos a teritoriului, s-ar putea s\u0103 miroase pu\u021bin nepl\u0103cut.<\/p>\n\n\n\n<p><strong>Ideal pentru<\/strong>: vacan\u021be \u00een familie sau o escapad\u0103 relaxant\u0103 cu prietenii.<\/p>\n\n\n\n<p><strong>Pre\u021buri<\/strong>: 1200l \/ noapte \u00eentr-o caban\u0103 pentru doi, pute\u021bi \u00eenchiria o cas\u0103 pentru 4 (cu 1 baie) pentru 2200l (dac\u0103 sunte\u021bi o familie cu copii &#8211; 1800l). Inclus: mic dejun, ceai \u0219i cafea nelimitat (boabe), lemne de foc \/ gr\u0103tar \/ gr\u0103tar. S\u00e2mb\u0103t\u0103 seara, un foc \u0219i un vin \/ pl\u0103cinte au fost un bonus. Zama cost\u0103 50 de lei.<\/p>\n\n\n\n<p><strong>Sfaturi<\/strong>: lua\u021bi casele din partea de sus a terenului.<\/p>\n\n\n\n<p><strong>Harta<\/strong>: <a href=\"https:\/\/bit.ly\/2CxHwE2\">https:\/\/bit.ly\/2CxHwE2<\/a>\u00a0<\/p>\n\n\n\n\n        <div class=\"visit-md-core-block visit-md-core-block--hvwlaqygv wp-block-visit-md-core-tours\">\n            \n<div class=\"site-container\">\n                        <h2>Tururi virtuale<\/h2>\n        \n        <div class=\"tours-grid\">\n                            <div>\n                    <a href=\"https:\/\/www.visit.md\/ro\/tour\/soldanesti-bunker\/\">\n                        <figure>\n                            <img width=\"500\" height=\"263\" src=\"https:\/\/www.visit.md\/wp-content\/uploads\/2024\/07\/soldanesti-bunker-scaled.jpg\" class=\"attachment-500x500 size-500x500\" alt=\"\" loading=\"lazy\" srcset=\"https:\/\/www.visit.md\/wp-content\/uploads\/2024\/07\/soldanesti-bunker-scaled.jpg 2560w, https:\/\/www.visit.md\/wp-content\/uploads\/2024\/07\/soldanesti-bunker-300x158.jpg 300w, https:\/\/www.visit.md\/wp-content\/uploads\/2024\/07\/soldanesti-bunker-1024x538.jpg 1024w, https:\/\/www.visit.md\/wp-content\/uploads\/2024\/07\/soldanesti-bunker-768x404.jpg 768w, https:\/\/www.visit.md\/wp-content\/uploads\/2024\/07\/soldanesti-bunker-1536x807.jpg 1536w, https:\/\/www.visit.md\/wp-content\/uploads\/2024\/07\/soldanesti-bunker-2048x1076.jpg 2048w, https:\/\/www.visit.md\/wp-content\/uploads\/2024\/07\/soldanesti-bunker-1200x631.jpg 1200w\" sizes=\"(max-width: 500px) 100vw, 500px\" \/>                        <\/figure>\n\n                        <div class=\"the-heading\">\n                            <mark class=\"the-heading__mark\">Tur virtual<\/mark>\n                            <h4 class=\"the-heading__title\">Bunc\u0103rul din \u0218old\u0103ne\u0219ti: O Relicv\u0103 a R\u0103zboiului Rece<\/h4>\n                        <\/div>\n\n                        <div class=\"the-description\">\n                            <p>Moldova, cunoscut\u0103 pentru cultura sa bogat\u0103 \u0219i frumuse\u021bile naturale, g\u0103zduie\u0219te, de asemenea, o relicv\u0103 fascinant\u0103 din epoca R\u0103zboiului Rece: Bunc\u0103rul din Oli\u0219cani, raionul \u0218old\u0103ne\u0219ti. Oficial cunoscut sub numele de Obiectul 1180, aceast\u0103 structur\u0103 subteran\u0103 f\u0103cea parte dintr-o re\u021bea sovietic\u0103 destinat\u0103 protej\u0103rii personalului cheie \u0219i func\u021biilor de comand\u0103 \u00een timpul unor posibile conflicte nucleare. Situat \u00een [&hellip;]<\/p>\n                        <\/div>\n                    <\/a>\n                <\/div>\n                            <div>\n                    <a href=\"https:\/\/www.visit.md\/ro\/tour\/biserica-de-lemn-vorniceni\/\">\n                        <figure>\n                            <img width=\"500\" height=\"333\" src=\"https:\/\/www.visit.md\/wp-content\/uploads\/2024\/06\/dji_export_1653372878645.jpg\" class=\"attachment-500x500 size-500x500\" alt=\"\" loading=\"lazy\" srcset=\"https:\/\/www.visit.md\/wp-content\/uploads\/2024\/06\/dji_export_1653372878645.jpg 1920w, https:\/\/www.visit.md\/wp-content\/uploads\/2024\/06\/dji_export_1653372878645-300x200.jpg 300w, https:\/\/www.visit.md\/wp-content\/uploads\/2024\/06\/dji_export_1653372878645-1024x683.jpg 1024w, https:\/\/www.visit.md\/wp-content\/uploads\/2024\/06\/dji_export_1653372878645-768x512.jpg 768w, https:\/\/www.visit.md\/wp-content\/uploads\/2024\/06\/dji_export_1653372878645-1536x1024.jpg 1536w, https:\/\/www.visit.md\/wp-content\/uploads\/2024\/06\/dji_export_1653372878645-1200x800.jpg 1200w\" sizes=\"(max-width: 500px) 100vw, 500px\" \/>                        <\/figure>\n\n                        <div class=\"the-heading\">\n                            <mark class=\"the-heading__mark\">Tur virtual<\/mark>\n                            <h4 class=\"the-heading__title\">Biserica de lemn a Adormirii Maicii Domnului din satul Vorniceni<\/h4>\n                        <\/div>\n\n                        <div class=\"the-description\">\n                            <p>Biserica de lemn a Adormirii Maicii Domnului din satul Vorniceni a fost construit\u0103 la sf\u00e2r\u0219itul secolului al XVIII-lea. Planul bisericii este tripartit, cu un altar poligonal (3,5 \u00d7 3 m), o nav\u0103 p\u0103trat\u0103 (5,5 \u00d7 5,5 m) \u0219i un pridvor p\u0103trat (4,5 \u00d7 4,5 m). Nava este acoperit\u0103 cu un acoperi\u0219 pe un tambur octogonal [&hellip;]<\/p>\n                        <\/div>\n                    <\/a>\n                <\/div>\n                            <div>\n                    <a href=\"https:\/\/www.visit.md\/ro\/tour\/sherpenskij-placdarm\/\">\n                        <figure>\n                            <img width=\"500\" height=\"333\" src=\"https:\/\/www.visit.md\/wp-content\/uploads\/2024\/05\/DJI_0510-2.jpg\" class=\"attachment-500x500 size-500x500\" alt=\"\" loading=\"lazy\" srcset=\"https:\/\/www.visit.md\/wp-content\/uploads\/2024\/05\/DJI_0510-2.jpg 2000w, https:\/\/www.visit.md\/wp-content\/uploads\/2024\/05\/DJI_0510-2-300x200.jpg 300w, https:\/\/www.visit.md\/wp-content\/uploads\/2024\/05\/DJI_0510-2-1024x682.jpg 1024w, https:\/\/www.visit.md\/wp-content\/uploads\/2024\/05\/DJI_0510-2-768x511.jpg 768w, https:\/\/www.visit.md\/wp-content\/uploads\/2024\/05\/DJI_0510-2-1536x1023.jpg 1536w, https:\/\/www.visit.md\/wp-content\/uploads\/2024\/05\/DJI_0510-2-1200x799.jpg 1200w\" sizes=\"(max-width: 500px) 100vw, 500px\" \/>                        <\/figure>\n\n                        <div class=\"the-heading\">\n                            <mark class=\"the-heading__mark\">Tur virtual<\/mark>\n                            <h4 class=\"the-heading__title\">Complexul memorial &#8220;Capul de pod \u015eerpeni&#8221;<\/h4>\n                        <\/div>\n\n                        <div class=\"the-description\">\n                            <p>Complexul memorial \u00eenglobeaz\u0103 recuno\u0219tin\u021ba \u0219i atitudinea omenirii fa\u021b\u0103 de victimele de razboi, care \u0219i-au pierdut via\u021ba \u00een timpul evenimentelor tragice din lunile aprilie-august ale anului 1944. Edificarea Complexului a \u00eenceput \u00een anul 1995. La ini\u021biativa Pre\u015fedintelui Republicii Moldova, Domnului Vladimir Voronin, in 2003 au demarat lucr\u0103rile de reconstruc\u021bie general\u0103 a Complexului. Deschiderea oficia s-a realizat [&hellip;]<\/p>\n                        <\/div>\n                    <\/a>\n                <\/div>\n                            <div>\n                    <a href=\"https:\/\/www.visit.md\/ro\/tour\/basti-hobbiton-moldovenesc\/\">\n                        <figure>\n                            <img width=\"500\" height=\"377\" src=\"https:\/\/www.visit.md\/wp-content\/uploads\/2023\/03\/PXL_20220502_115339509-1-scaled.jpg\" class=\"attachment-500x500 size-500x500\" alt=\"\" loading=\"lazy\" srcset=\"https:\/\/www.visit.md\/wp-content\/uploads\/2023\/03\/PXL_20220502_115339509-1-scaled.jpg 2560w, https:\/\/www.visit.md\/wp-content\/uploads\/2023\/03\/PXL_20220502_115339509-1-300x226.jpg 300w, https:\/\/www.visit.md\/wp-content\/uploads\/2023\/03\/PXL_20220502_115339509-1-1024x771.jpg 1024w, https:\/\/www.visit.md\/wp-content\/uploads\/2023\/03\/PXL_20220502_115339509-1-768x578.jpg 768w, https:\/\/www.visit.md\/wp-content\/uploads\/2023\/03\/PXL_20220502_115339509-1-1536x1157.jpg 1536w, https:\/\/www.visit.md\/wp-content\/uploads\/2023\/03\/PXL_20220502_115339509-1-2048x1542.jpg 2048w, https:\/\/www.visit.md\/wp-content\/uploads\/2023\/03\/PXL_20220502_115339509-1-1200x904.jpg 1200w\" sizes=\"(max-width: 500px) 100vw, 500px\" \/>                        <\/figure>\n\n                        <div class=\"the-heading\">\n                            <mark class=\"the-heading__mark\">Tur virtual<\/mark>\n                            <h4 class=\"the-heading__title\">Hobbiton moldovenesc: b\u0103\u0219ti din sate \u021a\u00eera, Rogojeni \u0219i Ro\u015fieticii<\/h4>\n                        <\/div>\n\n                        <div class=\"the-description\">\n                            <p>&#8211; Mama! Acestea sunt c\u0103su\u021bele hobbi\u021bilor? &#8211; au exclamat entuziasma\u021bi copiii. \u0218i \u00eentr-adev\u0103r, c\u00e2nd ajungi \u00een Rogojeni \u0219i \u00een satele \u00eenvecinate \u021a\u00eera \u0219i Ro\u0219ietici, ai impresia c\u0103 anume din aceste locuri s-a inspirat Peter Jackson c\u00e2nd a reprodus Hobbitul din cartea lui J.R.R. Tolkien \u201dSt\u0103p\u00e2nul Inelelor\u201d. Avem \u00een fa\u021ba noastr\u0103 ni\u0219te case semi-\u00eengropate \u00een p\u0103m\u00e2nt, [&hellip;]<\/p>\n                        <\/div>\n                    <\/a>\n                <\/div>\n                            <div>\n                    <a href=\"https:\/\/www.visit.md\/ro\/tour\/is-3-cornesti\/\">\n                        <figure>\n                            <img width=\"500\" height=\"333\" src=\"https:\/\/www.visit.md\/wp-content\/uploads\/2022\/08\/DJI_0749.jpg\" class=\"attachment-500x500 size-500x500\" alt=\"\" loading=\"lazy\" srcset=\"https:\/\/www.visit.md\/wp-content\/uploads\/2022\/08\/DJI_0749.jpg 2048w, https:\/\/www.visit.md\/wp-content\/uploads\/2022\/08\/DJI_0749-300x200.jpg 300w, https:\/\/www.visit.md\/wp-content\/uploads\/2022\/08\/DJI_0749-1024x682.jpg 1024w, https:\/\/www.visit.md\/wp-content\/uploads\/2022\/08\/DJI_0749-768x512.jpg 768w, https:\/\/www.visit.md\/wp-content\/uploads\/2022\/08\/DJI_0749-1536x1023.jpg 1536w, https:\/\/www.visit.md\/wp-content\/uploads\/2022\/08\/DJI_0749-1200x799.jpg 1200w\" sizes=\"(max-width: 500px) 100vw, 500px\" \/>                        <\/figure>\n\n                        <div class=\"the-heading\">\n                            <mark class=\"the-heading__mark\">Tur virtual<\/mark>\n                            <h4 class=\"the-heading__title\">Tancul IS-3 din Corne\u0219ti<\/h4>\n                        <\/div>\n\n                        <div class=\"the-description\">\n                            <p>Tancul a fost instalat pe 9 mai 1985 pentru inaugurarea a 40-a Aniversare a Victoriei poporului sovietic \u00een Marele R\u0103zboi pentru Ap\u0103rarea Patriei, \u00een cinstea osta\u0219ilor diviziunii a 6-a de tancuri sub conducerea generalului colonel Kravcenko A.G., dublu erou al Uniunii Sovietice, care, \u00een martie 1944 dup\u0103 o lupt\u0103 cr\u00e2ncen\u0103 cu inamicii germano-fasci\u0219ti, au ajuns [&hellip;]<\/p>\n                        <\/div>\n                    <\/a>\n                <\/div>\n                            <div>\n                    <a href=\"https:\/\/www.visit.md\/ro\/tour\/gradina-turceasca\/\">\n                        <figure>\n                            <img width=\"500\" height=\"333\" src=\"https:\/\/www.visit.md\/wp-content\/uploads\/2022\/04\/gradina-turceasca.jpg\" class=\"attachment-500x500 size-500x500\" alt=\"\" loading=\"lazy\" srcset=\"https:\/\/www.visit.md\/wp-content\/uploads\/2022\/04\/gradina-turceasca.jpg 1400w, https:\/\/www.visit.md\/wp-content\/uploads\/2022\/04\/gradina-turceasca-300x200.jpg 300w, https:\/\/www.visit.md\/wp-content\/uploads\/2022\/04\/gradina-turceasca-1024x682.jpg 1024w, https:\/\/www.visit.md\/wp-content\/uploads\/2022\/04\/gradina-turceasca-768x512.jpg 768w, https:\/\/www.visit.md\/wp-content\/uploads\/2022\/04\/gradina-turceasca-1200x800.jpg 1200w\" sizes=\"(max-width: 500px) 100vw, 500px\" \/>                        <\/figure>\n\n                        <div class=\"the-heading\">\n                            <mark class=\"the-heading__mark\">Tur virtual<\/mark>\n                            <h4 class=\"the-heading__title\">P\u0103durea &#8220;Gr\u0103dina Turceasc\u0103&#8221;<\/h4>\n                        <\/div>\n\n                        <div class=\"the-description\">\n                            <p>Gr\u0103dina Turceasc\u0103 este cea mai estic\u0103 rezerva\u021bie peisagistic\u0103 din Moldova, suprafa\u021ba acesteia fiind de aproape 224 de hectare. Aria natural\u0103 \u201eGr\u0103dina Turceasc\u0103\u201d reprezint\u0103 o suprafa\u021b\u0103 cu vegeta\u021bie forestier\u0103, acvatic\u0103 \u0219i palustr\u0103, atribuit\u0103 la categoria \u201eecosisteme forestiere de stejar pedunculat (Quercus robur), plop (Populus alba) \u0219i salcie (Salix alba) din luncile r\u00e2urilor\u201d. Cea mai mare parte [&hellip;]<\/p>\n                        <\/div>\n                    <\/a>\n                <\/div>\n                    <\/div>\n    \n                        <h2>Vin\u0103rii<\/h2>\n\n            <div class=\"tours-grid\">\n                                    <div>\n                        <a href=\"https:\/\/www.visit.md\/ro\/tour\/cricova\/\">\n                            <figure>\n                                <img width=\"500\" height=\"290\" src=\"https:\/\/www.visit.md\/wp-content\/uploads\/2020\/12\/cricova.jpg\" class=\"attachment-500x500 size-500x500\" alt=\"\" loading=\"lazy\" srcset=\"https:\/\/www.visit.md\/wp-content\/uploads\/2020\/12\/cricova.jpg 1612w, https:\/\/www.visit.md\/wp-content\/uploads\/2020\/12\/cricova-300x174.jpg 300w, https:\/\/www.visit.md\/wp-content\/uploads\/2020\/12\/cricova-1024x593.jpg 1024w, https:\/\/www.visit.md\/wp-content\/uploads\/2020\/12\/cricova-768x445.jpg 768w, https:\/\/www.visit.md\/wp-content\/uploads\/2020\/12\/cricova-1536x890.jpg 1536w, https:\/\/www.visit.md\/wp-content\/uploads\/2020\/12\/cricova-1200x695.jpg 1200w\" sizes=\"(max-width: 500px) 100vw, 500px\" \/>                            <\/figure>\n\n                            <div class=\"the-heading\">\n                                <mark class=\"the-heading__mark\">Tur virtual<\/mark>\n                                <h4 class=\"the-heading__title\">Cricova<\/h4>\n                            <\/div>\n\n                            <div class=\"the-description\">\n                                <p>Pe bun\u0103 dreptate, denumit\u0103 \u201ePerla vinifica\u0163iei moldave\u201d \u2013 \u201cCricova\u201d, reprezint\u0103 un Complex Subteran unic, care s-a remarcat \u00een \u00eentreaga lume pentru labirinturile sale imense \u015fi pentru vinurile sale excelente. Istoria Combinatului de Vinuri \u201cCricova\u201d \u00eencepe \u00een anul 1952. Anume \u00een aceast\u0103 perioad\u0103, \u00een Republica Moldova a ap\u0103rut problema cu privire la spa\u0163iile de p\u0103strare \u015fi [&hellip;]<\/p>\n                            <\/div>\n                        <\/a>\n                    <\/div>\n                                    <div>\n                        <a href=\"https:\/\/www.visit.md\/ro\/tour\/vinuri-de-comrat\/\">\n                            <figure>\n                                <img width=\"500\" height=\"281\" src=\"https:\/\/www.visit.md\/wp-content\/uploads\/2020\/06\/chateau-scaled.jpg\" class=\"attachment-500x500 size-500x500\" alt=\"\" loading=\"lazy\" srcset=\"https:\/\/www.visit.md\/wp-content\/uploads\/2020\/06\/chateau-scaled.jpg 2560w, https:\/\/www.visit.md\/wp-content\/uploads\/2020\/06\/chateau-300x169.jpg 300w, https:\/\/www.visit.md\/wp-content\/uploads\/2020\/06\/chateau-1024x576.jpg 1024w, https:\/\/www.visit.md\/wp-content\/uploads\/2020\/06\/chateau-768x432.jpg 768w, https:\/\/www.visit.md\/wp-content\/uploads\/2020\/06\/chateau-1536x863.jpg 1536w, https:\/\/www.visit.md\/wp-content\/uploads\/2020\/06\/chateau-2048x1151.jpg 2048w, https:\/\/www.visit.md\/wp-content\/uploads\/2020\/06\/chateau-1200x675.jpg 1200w\" sizes=\"(max-width: 500px) 100vw, 500px\" \/>                            <\/figure>\n\n                            <div class=\"the-heading\">\n                                <mark class=\"the-heading__mark\">Tur virtual<\/mark>\n                                <h4 class=\"the-heading__title\">Vinuri de Comrat<\/h4>\n                            <\/div>\n\n                            <div class=\"the-description\">\n                                <p>Vinuri de Comrat &#8211; e cea mai veche fabric\u0103 de vinuri situat\u0103 \u00een partea de sud a Moldovei. De peste 120 de ani, vinificatorii din Comrat p\u0103streaz\u0103 \u0219i transmit din genera\u021bie \u00een genera\u021bie tradi\u021bia clasic\u0103 de fabricare a vinurilor unice din sudul Moldovei, ce ofer\u0103 vinurilor de Comrat prospe\u021bimea natural\u0103, elegan\u021ba \u0219i potabilitatea. \u00cen prezent, [&hellip;]<\/p>\n                            <\/div>\n                        <\/a>\n                    <\/div>\n                                    <div>\n                        <a href=\"https:\/\/www.visit.md\/ro\/tour\/purcari\/\">\n                            <figure>\n                                <img width=\"500\" height=\"234\" src=\"https:\/\/www.visit.md\/wp-content\/uploads\/2017\/10\/Screen-Shot-2017-10-06-at-14.30.50.jpg\" class=\"attachment-500x500 size-500x500\" alt=\"\" loading=\"lazy\" srcset=\"https:\/\/www.visit.md\/wp-content\/uploads\/2017\/10\/Screen-Shot-2017-10-06-at-14.30.50.jpg 800w, https:\/\/www.visit.md\/wp-content\/uploads\/2017\/10\/Screen-Shot-2017-10-06-at-14.30.50-300x140.jpg 300w, https:\/\/www.visit.md\/wp-content\/uploads\/2017\/10\/Screen-Shot-2017-10-06-at-14.30.50-768x359.jpg 768w\" sizes=\"(max-width: 500px) 100vw, 500px\" \/>                            <\/figure>\n\n                            <div class=\"the-heading\">\n                                <mark class=\"the-heading__mark\">Tur virtual<\/mark>\n                                <h4 class=\"the-heading__title\">Purcari<\/h4>\n                            <\/div>\n\n                            <div class=\"the-description\">\n                                <p>La sf\u00e2r\u0219itul secolului al XII-lea, viticultura apare ca \u00eendeletnicire economic\u0103 de baz\u0103, aflat\u0103 sub protec\u021bia statului \u00een Valahia \u0219i Moldova, cnezate pe teritoriul vechii Dacii. Ulterior, se va descoperi c\u0103, de\u0219i toate aceste teritorii sunt prielnice pentru viticultur\u0103, exist\u0103, totu\u0219i, un \u0219ir de regiuni, unde se produce un vin cu totul special. Anume un astfel [&hellip;]<\/p>\n                            <\/div>\n                        <\/a>\n                    <\/div>\n                                    <div>\n                        <a href=\"https:\/\/www.visit.md\/ro\/tour\/kvint\/\">\n                            <figure>\n                                <img width=\"500\" height=\"234\" src=\"https:\/\/www.visit.md\/wp-content\/uploads\/2017\/05\/Screen-Shot-2017-05-11-at-09.46.38.jpg\" class=\"attachment-500x500 size-500x500\" alt=\"\" loading=\"lazy\" srcset=\"https:\/\/www.visit.md\/wp-content\/uploads\/2017\/05\/Screen-Shot-2017-05-11-at-09.46.38.jpg 1900w, https:\/\/www.visit.md\/wp-content\/uploads\/2017\/05\/Screen-Shot-2017-05-11-at-09.46.38-300x140.jpg 300w, https:\/\/www.visit.md\/wp-content\/uploads\/2017\/05\/Screen-Shot-2017-05-11-at-09.46.38-768x359.jpg 768w, https:\/\/www.visit.md\/wp-content\/uploads\/2017\/05\/Screen-Shot-2017-05-11-at-09.46.38-1024x479.jpg 1024w\" sizes=\"(max-width: 500px) 100vw, 500px\" \/>                            <\/figure>\n\n                            <div class=\"the-heading\">\n                                <mark class=\"the-heading__mark\">Tur virtual<\/mark>\n                                <h4 class=\"the-heading__title\">Kvint<\/h4>\n                            <\/div>\n\n                            <div class=\"the-description\">\n                                <p>Istoria KVINT incepe din anul 1897, c\u00e2nd primul depozit de rectificare a fost construit in Tiraspol pe strada Vokzalnaya. \u00cen acel moment a inceput productia de vodka de 40% din vinuri de struguri de cas\u0103 cump\u0103rate de la \u021b\u0103rani din satele din apropiere. Produc\u021bia de divinurilor a fost \u00eenceput abia dupa 4 decenii mai t\u00e2rziu [&hellip;]<\/p>\n                            <\/div>\n                        <\/a>\n                    <\/div>\n                            <\/div>\n                    <h2>Cet\u0103\u021bile<\/h2>\n\n            <div class=\"tours-grid\">\n                                    <div>\n                        <a href=\"https:\/\/www.visit.md\/ro\/tour\/sorokskaya-krepost\/\">\n                            <figure>\n                                <img width=\"500\" height=\"295\" src=\"https:\/\/www.visit.md\/wp-content\/uploads\/2018\/08\/soroca-fortrese.jpg\" class=\"attachment-500x500 size-500x500\" alt=\"\" loading=\"lazy\" srcset=\"https:\/\/www.visit.md\/wp-content\/uploads\/2018\/08\/soroca-fortrese.jpg 1061w, https:\/\/www.visit.md\/wp-content\/uploads\/2018\/08\/soroca-fortrese-300x177.jpg 300w, https:\/\/www.visit.md\/wp-content\/uploads\/2018\/08\/soroca-fortrese-1024x603.jpg 1024w, https:\/\/www.visit.md\/wp-content\/uploads\/2018\/08\/soroca-fortrese-768x452.jpg 768w\" sizes=\"(max-width: 500px) 100vw, 500px\" \/>                            <\/figure>\n\n                            <div class=\"the-heading\">\n                                <mark class=\"the-heading__mark\">Tur virtual<\/mark>\n                                <h4 class=\"the-heading__title\">Cetatea Soroca<\/h4>\n                            <\/div>\n\n                            <div class=\"the-description\">\n                                <p>Cetatea de la Soroca a fost \u00een\u0103l\u021bat\u0103 de \u0218tefan cel Mare \u00een ultimul sfert al secolului al XV-lea. O spune tradi\u021bia local\u0103, care-i explic\u0103 numele prin faptul c\u0103 domnul a pus soroc (termen de cl\u0103dire). Cetatea Soroca a fost \u0103n\u0103l\u021bat\u00ee \u00eempotriva cetelot t\u0103tare de prad\u0103, care prin vadurile Nistrului, \u00ee\u0219i croiau drum \u00een Moldova. Soroca [&hellip;]<\/p>\n                            <\/div>\n                        <\/a>\n                    <\/div>\n                            <\/div>\n                    <h2>Toltrele moldovene\u015fti<\/h2>\n\n            <div class=\"tours-grid\">\n                                    <div>\n                        <a href=\"https:\/\/www.visit.md\/ro\/tour\/la-castel\/\">\n                            <figure>\n                                <img width=\"500\" height=\"243\" src=\"https:\/\/www.visit.md\/wp-content\/uploads\/2020\/06\/castel.jpg\" class=\"attachment-500x500 size-500x500\" alt=\"la castel\" loading=\"lazy\" srcset=\"https:\/\/www.visit.md\/wp-content\/uploads\/2020\/06\/castel.jpg 1480w, https:\/\/www.visit.md\/wp-content\/uploads\/2020\/06\/castel-300x146.jpg 300w, https:\/\/www.visit.md\/wp-content\/uploads\/2020\/06\/castel-1024x498.jpg 1024w, https:\/\/www.visit.md\/wp-content\/uploads\/2020\/06\/castel-768x374.jpg 768w, https:\/\/www.visit.md\/wp-content\/uploads\/2020\/06\/castel-1200x584.jpg 1200w\" sizes=\"(max-width: 500px) 100vw, 500px\" \/>                            <\/figure>\n\n                            <div class=\"the-heading\">\n                                <mark class=\"the-heading__mark\">Tur virtual<\/mark>\n                                <h4 class=\"the-heading__title\">Rezervatia Peisagistica &#8220;La Castel&#8221;<\/h4>\n                            <\/div>\n\n                            <div class=\"the-description\">\n                                <p>Defileul La Castel, situat deasupra v\u0103ii r\u00e2ului Racov\u0103\u021b, l\u00e2ng\u0103 satul Gordine\u0219ti, este un loc unic. Aceasta este o minune a naturii, mo\u0219tenit\u0103 de noi datorit\u0103 depozitelor multimilionare din vremuri str\u0103vechi. Aici pute\u021bi descoperi, peisaje care v\u0103 m\u00e2ng\u00e2ie ochii, de asemenea flor\u0103 \u0219i faun\u0103 bogat\u0103 \u0219i cel mai remarcabil este s\u0103 auzi\u021bi legendele locale asociate cu [&hellip;]<\/p>\n                            <\/div>\n                        <\/a>\n                    <\/div>\n                                    <div>\n                        <a href=\"https:\/\/www.visit.md\/ro\/tour\/moldavskie-toltry-feteshty\/\">\n                            <figure>\n                                <img width=\"500\" height=\"294\" src=\"https:\/\/www.visit.md\/wp-content\/uploads\/2020\/05\/fetesti.jpg\" class=\"attachment-500x500 size-500x500\" alt=\"\" loading=\"lazy\" srcset=\"https:\/\/www.visit.md\/wp-content\/uploads\/2020\/05\/fetesti.jpg 2000w, https:\/\/www.visit.md\/wp-content\/uploads\/2020\/05\/fetesti-300x177.jpg 300w, https:\/\/www.visit.md\/wp-content\/uploads\/2020\/05\/fetesti-1024x603.jpg 1024w, https:\/\/www.visit.md\/wp-content\/uploads\/2020\/05\/fetesti-768x452.jpg 768w, https:\/\/www.visit.md\/wp-content\/uploads\/2020\/05\/fetesti-1536x904.jpg 1536w, https:\/\/www.visit.md\/wp-content\/uploads\/2020\/05\/fetesti-1200x706.jpg 1200w\" sizes=\"(max-width: 500px) 100vw, 500px\" \/>                            <\/figure>\n\n                            <div class=\"the-heading\">\n                                <mark class=\"the-heading__mark\">Tur virtual<\/mark>\n                                <h4 class=\"the-heading__title\">Toltrele moldovene\u015fti: Fete\u015fti<\/h4>\n                            <\/div>\n\n                            <div class=\"the-description\">\n                                <p>\u0421e se nume\u0219te mica noastr\u0103 Elve\u021bie Moldoveneasc\u0103? Desigur, rezerva\u021bia peisajului Fete\u0219ti, situat\u0103 \u00een raionul Edine\u021b. Aici sunt cunoscute crestele de calcar toltre, \u00een grotele \u0219i pe\u0219terile c\u0103rora sa stabilit omul primitiv.. Ele sunt forma\u021biuni geologice unice. 10-20 milioane de ani \u00een urm\u0103, \u00een acest teritoriu a evoluat o depresiune de munte, mai \u00eent\u00e2i umplut cu [&hellip;]<\/p>\n                            <\/div>\n                        <\/a>\n                    <\/div>\n                                    <div>\n                        <a href=\"https:\/\/www.visit.md\/ro\/tour\/edinetskie-toltry\/\">\n                            <figure>\n                                <img width=\"500\" height=\"233\" src=\"https:\/\/www.visit.md\/wp-content\/uploads\/2017\/10\/Screen-Shot-2017-10-25-at-10.21.55.jpg\" class=\"attachment-500x500 size-500x500\" alt=\"\" loading=\"lazy\" srcset=\"https:\/\/www.visit.md\/wp-content\/uploads\/2017\/10\/Screen-Shot-2017-10-25-at-10.21.55.jpg 3352w, https:\/\/www.visit.md\/wp-content\/uploads\/2017\/10\/Screen-Shot-2017-10-25-at-10.21.55-300x140.jpg 300w, https:\/\/www.visit.md\/wp-content\/uploads\/2017\/10\/Screen-Shot-2017-10-25-at-10.21.55-768x358.jpg 768w, https:\/\/www.visit.md\/wp-content\/uploads\/2017\/10\/Screen-Shot-2017-10-25-at-10.21.55-1024x477.jpg 1024w\" sizes=\"(max-width: 500px) 100vw, 500px\" \/>                            <\/figure>\n\n                            <div class=\"the-heading\">\n                                <mark class=\"the-heading__mark\">Tur virtual<\/mark>\n                                <h4 class=\"the-heading__title\">Toltrele moldovene\u015fti: V\u0103ratic<\/h4>\n                            <\/div>\n\n                            <div class=\"the-description\">\n                                <p>Toltrele s\u00eent lan\u0163uri de recifi calcaro\u0219i, care au o v\u00eerst\u0103 mai \u00eenaintat\u0103 dec\u00eet mun\u0163ii Carpa\u0163i. Ace\u0219ti recifi au ap\u0103rut cu 15-20 de milioane de ani \u00een urm\u0103, c\u00eend M\u0103rile Tortonian\u0103 \u0219i Sarmatic\u0103 s-au retras de pe meleagurile noastre. Toltrele s\u00eent un monument natural cu valoare de unicat, mai mult, asemenea recife se \u00eent\u00eelnesc pe glob [&hellip;]<\/p>\n                            <\/div>\n                        <\/a>\n                    <\/div>\n                                    <div>\n                        <a href=\"https:\/\/www.visit.md\/ro\/tour\/duruitoarea-veche\/\">\n                            <figure>\n                                <img width=\"500\" height=\"234\" src=\"https:\/\/www.visit.md\/wp-content\/uploads\/2017\/06\/Screen-Shot-2017-06-02-at-16.46.12.jpg\" class=\"attachment-500x500 size-500x500\" alt=\"\" loading=\"lazy\" srcset=\"https:\/\/www.visit.md\/wp-content\/uploads\/2017\/06\/Screen-Shot-2017-06-02-at-16.46.12.jpg 1900w, https:\/\/www.visit.md\/wp-content\/uploads\/2017\/06\/Screen-Shot-2017-06-02-at-16.46.12-300x140.jpg 300w, https:\/\/www.visit.md\/wp-content\/uploads\/2017\/06\/Screen-Shot-2017-06-02-at-16.46.12-768x359.jpg 768w, https:\/\/www.visit.md\/wp-content\/uploads\/2017\/06\/Screen-Shot-2017-06-02-at-16.46.12-1024x479.jpg 1024w\" sizes=\"(max-width: 500px) 100vw, 500px\" \/>                            <\/figure>\n\n                            <div class=\"the-heading\">\n                                <mark class=\"the-heading__mark\">Tur virtual<\/mark>\n                                <h4 class=\"the-heading__title\">Duruitoarea Veche<\/h4>\n                            <\/div>\n\n                            <div class=\"the-description\">\n                                <p>Nu departe de or\u0103\u015felul Coste\u015fti, la est de satul cu acela\u015fi nume, curge r\u00eeul Duruitoarea, un afluent al r\u00eeului Ciugur, care a s\u0103pat \u00een toltre un defileu ad\u00eenc. Pantele sale calcaroase abrupte s\u00eent marcate de grote, \u00eenfrumuse\u0163ate cu st\u00eenci, ce au cele mai neobi\u015fnuite forme. Grota Duruitoarea Veche este cunoscut\u0103 ca o a\u015fezare str\u0103veche din [&hellip;]<\/p>\n                            <\/div>\n                        <\/a>\n                    <\/div>\n                            <\/div>\n                    <h2>M\u0103n\u0103stiri<\/h2>\n\n            <div class=\"tours-grid\">\n                                    <div>\n                        <a href=\"https:\/\/www.visit.md\/ro\/tour\/stary-j-orhej\/\">\n                            <figure>\n                                <img width=\"500\" height=\"234\" src=\"https:\/\/www.visit.md\/wp-content\/uploads\/2016\/10\/orhei-tour.jpg\" class=\"attachment-500x500 size-500x500\" alt=\"\" loading=\"lazy\" srcset=\"https:\/\/www.visit.md\/wp-content\/uploads\/2016\/10\/orhei-tour.jpg 1920w, https:\/\/www.visit.md\/wp-content\/uploads\/2016\/10\/orhei-tour-300x141.jpg 300w, https:\/\/www.visit.md\/wp-content\/uploads\/2016\/10\/orhei-tour-768x360.jpg 768w, https:\/\/www.visit.md\/wp-content\/uploads\/2016\/10\/orhei-tour-1024x480.jpg 1024w\" sizes=\"(max-width: 500px) 100vw, 500px\" \/>                            <\/figure>\n\n                            <div class=\"the-heading\">\n                                <mark class=\"the-heading__mark\">Tur virtual<\/mark>\n                                <h4 class=\"the-heading__title\">Orheiul Vechi<\/h4>\n                            <\/div>\n\n                            <div class=\"the-description\">\n                                <p>Complexul muzeal Orheiul Vechi este amplasat \u00een valea R\u0103utului, un afluent de dreapta al Nistrului, pe teritoriul comunei Trebujeni din raionul Orhei al Republicii Moldova (60 km nord-est de Chi\u0219in\u0103u) Orheiul Vechi este renumit prin manastirile sale rupestre. Aceast\u0103 zon\u0103 a fost ideal\u0103 pentru monahismul \u00een comunitatea cre\u0219tin\u0103 timpurie. \u00cen acele zile, c\u00e2nd cre\u0219tinii au [&hellip;]<\/p>\n                            <\/div>\n                        <\/a>\n                    <\/div>\n                                    <div>\n                        <a href=\"https:\/\/www.visit.md\/ro\/tour\/hram-svyatogo-arhistratiga-mihaila-v-stroentsah\/\">\n                            <figure>\n                                <img width=\"500\" height=\"234\" src=\"https:\/\/www.visit.md\/wp-content\/uploads\/2018\/01\/Screen-Shot-2018-01-24-at-16.49.50.jpg\" class=\"attachment-500x500 size-500x500\" alt=\"\" loading=\"lazy\" srcset=\"https:\/\/www.visit.md\/wp-content\/uploads\/2018\/01\/Screen-Shot-2018-01-24-at-16.49.50.jpg 3174w, https:\/\/www.visit.md\/wp-content\/uploads\/2018\/01\/Screen-Shot-2018-01-24-at-16.49.50-300x140.jpg 300w, https:\/\/www.visit.md\/wp-content\/uploads\/2018\/01\/Screen-Shot-2018-01-24-at-16.49.50-768x359.jpg 768w, https:\/\/www.visit.md\/wp-content\/uploads\/2018\/01\/Screen-Shot-2018-01-24-at-16.49.50-1024x479.jpg 1024w\" sizes=\"(max-width: 500px) 100vw, 500px\" \/>                            <\/figure>\n\n                            <div class=\"the-heading\">\n                                <mark class=\"the-heading__mark\">Tur virtual<\/mark>\n                                <h4 class=\"the-heading__title\">Biserica Sf. Arhanghel Mihail din Stroie\u0219ti<\/h4>\n                            <\/div>\n\n                            <div class=\"the-description\">\n                                <p>O alt\u0103 amintire a trecutului este Biserica Sf. Arhanghel Mihail, construit\u0103 la \u00eenceputul secolului al XVIII-lea. B\u0103\u015ftina\u015fii sus\u0163in, c\u0103 era o biserica de lemn, cu forma unei case mari, dat\u0103 cu lut, care se afla pe st\u00eenca de la nord-vestul satului. Biserica de piatr\u0103 de ast\u0103zi este construit\u0103 \u00een 1829 cu eforturile depuse de feldmare\u015falul [&hellip;]<\/p>\n                            <\/div>\n                        <\/a>\n                    <\/div>\n                                    <div>\n                        <a href=\"https:\/\/www.visit.md\/ro\/tour\/kapriyana\/\">\n                            <figure>\n                                <img width=\"500\" height=\"234\" src=\"https:\/\/www.visit.md\/wp-content\/uploads\/2016\/10\/capriana.jpg\" class=\"attachment-500x500 size-500x500\" alt=\"\" loading=\"lazy\" srcset=\"https:\/\/www.visit.md\/wp-content\/uploads\/2016\/10\/capriana.jpg 1920w, https:\/\/www.visit.md\/wp-content\/uploads\/2016\/10\/capriana-300x141.jpg 300w, https:\/\/www.visit.md\/wp-content\/uploads\/2016\/10\/capriana-768x360.jpg 768w, https:\/\/www.visit.md\/wp-content\/uploads\/2016\/10\/capriana-1024x480.jpg 1024w\" sizes=\"(max-width: 500px) 100vw, 500px\" \/>                            <\/figure>\n\n                            <div class=\"the-heading\">\n                                <mark class=\"the-heading__mark\">Tur virtual<\/mark>\n                                <h4 class=\"the-heading__title\">M\u0103n\u0103stirea C\u0103priana<\/h4>\n                            <\/div>\n\n                            <div class=\"the-description\">\n                                <p>\u00centr-o zon\u0103 pitoreasc\u0103 de codru, la 40 km nord-vest de Chi\u0219in\u0103u, se g\u0103se\u0219te una dintre cele mai vechi m\u0103n\u0103stiri din Moldova \u2013 C\u0103priana (\u00eentemeiat\u0103 \u00een 1429). Ea a fost timp \u00eendelungat re\u0219edin\u021ba mitropolitului Moldovei, a fost ctitorit\u0103 de domnitori, printre ei \u0219i \u0218tefan cel Mare, aici au tr\u0103it cronicarul Eftimie \u0219i unul dintre primii poe\u021bi [&hellip;]<\/p>\n                            <\/div>\n                        <\/a>\n                    <\/div>\n                                    <div>\n                        <a href=\"https:\/\/www.visit.md\/ro\/tour\/monasty-r-kurki\/\">\n                            <figure>\n                                <img width=\"500\" height=\"375\" src=\"https:\/\/www.visit.md\/wp-content\/uploads\/2016\/10\/1681281789.jpg\" class=\"attachment-500x500 size-500x500\" alt=\"\" loading=\"lazy\" srcset=\"https:\/\/www.visit.md\/wp-content\/uploads\/2016\/10\/1681281789.jpg 1440w, https:\/\/www.visit.md\/wp-content\/uploads\/2016\/10\/1681281789-300x225.jpg 300w, https:\/\/www.visit.md\/wp-content\/uploads\/2016\/10\/1681281789-1024x768.jpg 1024w, https:\/\/www.visit.md\/wp-content\/uploads\/2016\/10\/1681281789-768x576.jpg 768w, https:\/\/www.visit.md\/wp-content\/uploads\/2016\/10\/1681281789-1200x900.jpg 1200w\" sizes=\"(max-width: 500px) 100vw, 500px\" \/>                            <\/figure>\n\n                            <div class=\"the-heading\">\n                                <mark class=\"the-heading__mark\">Tur virtual<\/mark>\n                                <h4 class=\"the-heading__title\">M\u0103n\u0103stirea Curchi<\/h4>\n                            <\/div>\n\n                            <div class=\"the-description\">\n                                <p>M\u0103n\u0103stirea Curchi este o m\u0103n\u0103stire de c\u0103lug\u0103ri din Republica Moldova, una din cele mai \u00eensemnate monumente ale arhitecturii basarabene. Este situat\u0103 \u00een Codrii Orheiului, pe teritoriul satului Curchi, raionul Orhei. Ca ansamblu arhitectural s-a constituit \u00een secolele XVIII &#8211; XIX. Este compus\u0103 din cinci biserici, dou\u0103 cl\u0103diri cu chilii, st\u0103re\u021bie, mai multe \u00eenc\u0103peri auxiliare, o [&hellip;]<\/p>\n                            <\/div>\n                        <\/a>\n                    <\/div>\n                                    <div>\n                        <a href=\"https:\/\/www.visit.md\/ro\/tour\/tsipova\/\">\n                            <figure>\n                                <img width=\"500\" height=\"234\" src=\"https:\/\/www.visit.md\/wp-content\/uploads\/2016\/10\/tipova.jpg\" class=\"attachment-500x500 size-500x500\" alt=\"\" loading=\"lazy\" srcset=\"https:\/\/www.visit.md\/wp-content\/uploads\/2016\/10\/tipova.jpg 1920w, https:\/\/www.visit.md\/wp-content\/uploads\/2016\/10\/tipova-300x141.jpg 300w, https:\/\/www.visit.md\/wp-content\/uploads\/2016\/10\/tipova-768x360.jpg 768w, https:\/\/www.visit.md\/wp-content\/uploads\/2016\/10\/tipova-1024x480.jpg 1024w\" sizes=\"(max-width: 500px) 100vw, 500px\" \/>                            <\/figure>\n\n                            <div class=\"the-heading\">\n                                <mark class=\"the-heading__mark\">Tur virtual<\/mark>\n                                <h4 class=\"the-heading__title\">M\u0103n\u0103stirea \u0162ipova<\/h4>\n                            <\/div>\n\n                            <div class=\"the-description\">\n                                <p>\u021aipova este un sat din cadrul comunei Lalova din raionul Rezina, Republica Moldova. M\u0103n\u0103stirea \u021aipova este o m\u0103n\u0103stire rupestr\u0103 de c\u0103lug\u0103ri din Republica Moldova. Este situat\u0103 pe malul drept al r\u00e2ului Nistru \u0219i a fost fondat\u0103 \u00een secolul al VI-lea. Aici, \u00een secolul al XV-lea domnitorul \u0218tefan cel Mare s-a cununat cu so\u021bia sa Maria [&hellip;]<\/p>\n                            <\/div>\n                        <\/a>\n                    <\/div>\n                                    <div>\n                        <a href=\"https:\/\/www.visit.md\/ro\/tour\/saharna\/\">\n                            <figure>\n                                <img width=\"500\" height=\"283\" src=\"https:\/\/www.visit.md\/wp-content\/uploads\/2016\/10\/Pasted-image-at-2016_11_17-02_29-PM.jpg\" class=\"attachment-500x500 size-500x500\" alt=\"\" loading=\"lazy\" srcset=\"https:\/\/www.visit.md\/wp-content\/uploads\/2016\/10\/Pasted-image-at-2016_11_17-02_29-PM.jpg 1675w, https:\/\/www.visit.md\/wp-content\/uploads\/2016\/10\/Pasted-image-at-2016_11_17-02_29-PM-300x170.jpg 300w, https:\/\/www.visit.md\/wp-content\/uploads\/2016\/10\/Pasted-image-at-2016_11_17-02_29-PM-768x435.jpg 768w, https:\/\/www.visit.md\/wp-content\/uploads\/2016\/10\/Pasted-image-at-2016_11_17-02_29-PM-1024x580.jpg 1024w\" sizes=\"(max-width: 500px) 100vw, 500px\" \/>                            <\/figure>\n\n                            <div class=\"the-heading\">\n                                <mark class=\"the-heading__mark\">Tur virtual<\/mark>\n                                <h4 class=\"the-heading__title\">M\u0103n\u0103stirea Saharna<\/h4>\n                            <\/div>\n\n                            <div class=\"the-description\">\n                                <p>Saharna este un sat din cadrul comunei Saharna Nou\u0103 din raionul Rezina, Republica Moldova. Satul este situat la aproximativ 110 km nord de Chi\u0219in\u0103u, pe malul drept al r\u00e2ului Nistru, la o altitudine de 28 de metri deasupra nivelului m\u0103rii. El este renumit pentru m\u0103n\u0103stirea pe\u0219ter\u0103 din secolul XIII \u0219i m\u0103n\u0103stirea Sfintei Treimi. Aceasta m\u0103n\u0103stire [&hellip;]<\/p>\n                            <\/div>\n                        <\/a>\n                    <\/div>\n                            <\/div>\n                    <h2>Muzee<\/h2>\n\n            <div class=\"tours-grid\">\n                                    <div>\n                        <a href=\"https:\/\/www.visit.md\/ro\/tour\/national-museum-of-ethnography-and-natural-history\/\">\n                            <figure>\n                                <img width=\"500\" height=\"234\" src=\"https:\/\/www.visit.md\/wp-content\/uploads\/2017\/04\/Screen-Shot-2017-04-06-at-14.14.12.jpg\" class=\"attachment-500x500 size-500x500\" alt=\"\" loading=\"lazy\" srcset=\"https:\/\/www.visit.md\/wp-content\/uploads\/2017\/04\/Screen-Shot-2017-04-06-at-14.14.12.jpg 1900w, https:\/\/www.visit.md\/wp-content\/uploads\/2017\/04\/Screen-Shot-2017-04-06-at-14.14.12-300x141.jpg 300w, https:\/\/www.visit.md\/wp-content\/uploads\/2017\/04\/Screen-Shot-2017-04-06-at-14.14.12-768x360.jpg 768w, https:\/\/www.visit.md\/wp-content\/uploads\/2017\/04\/Screen-Shot-2017-04-06-at-14.14.12-1024x480.jpg 1024w\" sizes=\"(max-width: 500px) 100vw, 500px\" \/>                            <\/figure>\n\n                            <div class=\"the-heading\">\n                                <mark class=\"the-heading__mark\">Tur virtual<\/mark>\n                                <h4 class=\"the-heading__title\">Muzeul Na\u021bional de Etnografie \u0219i Istorie Natural\u0103 din Chi\u0219in\u0103u<\/h4>\n                            <\/div>\n\n                            <div class=\"the-description\">\n                                <p>Este cel mai Vechi Muzeu din Republica Moldova. Fondat ca Muzeu Agricol, pe parcursul existen\u0163ei sale \u015fi-a l\u0103rgit treptat domeniul de activitate, cre\u00eend colec\u0163ii ce reflect\u0103 istoria natural\u0103, natura contemporan\u0103, evolu\u0163ia societ\u0103\u0163ii umane \u015fi cultura tradi\u0163ional\u0103 de pe teritoriul Basarabiei iar mai t\u00eerziu a Republicii Moldova.<\/p>\n                            <\/div>\n                        <\/a>\n                    <\/div>\n                                    <div>\n                        <a href=\"https:\/\/www.visit.md\/ro\/tour\/dom-muzej-aleksandra-donicha\/\">\n                            <figure>\n                                <img width=\"500\" height=\"234\" src=\"https:\/\/www.visit.md\/wp-content\/uploads\/2017\/06\/Screen-Shot-2017-06-19-at-22.12.57.jpg\" class=\"attachment-500x500 size-500x500\" alt=\"\" loading=\"lazy\" srcset=\"https:\/\/www.visit.md\/wp-content\/uploads\/2017\/06\/Screen-Shot-2017-06-19-at-22.12.57.jpg 1900w, https:\/\/www.visit.md\/wp-content\/uploads\/2017\/06\/Screen-Shot-2017-06-19-at-22.12.57-300x140.jpg 300w, https:\/\/www.visit.md\/wp-content\/uploads\/2017\/06\/Screen-Shot-2017-06-19-at-22.12.57-768x359.jpg 768w, https:\/\/www.visit.md\/wp-content\/uploads\/2017\/06\/Screen-Shot-2017-06-19-at-22.12.57-1024x479.jpg 1024w\" sizes=\"(max-width: 500px) 100vw, 500px\" \/>                            <\/figure>\n\n                            <div class=\"the-heading\">\n                                <mark class=\"the-heading__mark\">Tur virtual<\/mark>\n                                <h4 class=\"the-heading__title\">Casa-muzeu Alexandru Donici<\/h4>\n                            <\/div>\n\n                            <div class=\"the-description\">\n                                <p>Localitatea Donici se afl\u0103 \u00eentr-o zon\u0103 protejat\u0103 a Parcului \u2013 Na\u021bional Orhei , (care cuprinde 14&nbsp;000 h ), \u00eenconjurat\u0103 de dealurile \u00eemp\u0103durite (H\u00e2rtopul, Tele\u0219eu, Voloaca), la 25 km de Orhei \u0219i 37 km de Chi\u0219in\u0103u. A\u0219ezarea este m\u0103rginit\u0103 cu livezi \u0219i vii, dar \u0219i de trei lacuri, care \u00eei confer\u0103 o priveli\u0219te cu totul special\u0103. [&hellip;]<\/p>\n                            <\/div>\n                        <\/a>\n                    <\/div>\n                                    <div>\n                        <a href=\"https:\/\/www.visit.md\/ro\/tour\/natural-history-museum-of-moldova-state-university\/\">\n                            <figure>\n                                <img width=\"500\" height=\"234\" src=\"https:\/\/www.visit.md\/wp-content\/uploads\/2017\/03\/Screen-Shot-2017-03-20-at-22.42.35.jpg\" class=\"attachment-500x500 size-500x500\" alt=\"\" loading=\"lazy\" srcset=\"https:\/\/www.visit.md\/wp-content\/uploads\/2017\/03\/Screen-Shot-2017-03-20-at-22.42.35.jpg 1920w, https:\/\/www.visit.md\/wp-content\/uploads\/2017\/03\/Screen-Shot-2017-03-20-at-22.42.35-300x140.jpg 300w, https:\/\/www.visit.md\/wp-content\/uploads\/2017\/03\/Screen-Shot-2017-03-20-at-22.42.35-768x359.jpg 768w, https:\/\/www.visit.md\/wp-content\/uploads\/2017\/03\/Screen-Shot-2017-03-20-at-22.42.35-1024x479.jpg 1024w\" sizes=\"(max-width: 500px) 100vw, 500px\" \/>                            <\/figure>\n\n                            <div class=\"the-heading\">\n                                <mark class=\"the-heading__mark\">Tur virtual<\/mark>\n                                <h4 class=\"the-heading__title\">Muzeul de la Universitatea de Stat din Moldova<\/h4>\n                            <\/div>\n\n                            <div class=\"the-description\">\n                                <p>Muzeul a fost format \u00een anul 1952, exponatele sale unice au fost colectate de c\u0103tre stude\u021bi \u0219i absolven\u021bi ai Facult\u0103\u021bii de Biologie. Biologii au adus aici, animale moarte din diferite p\u0103r\u021bi ale planetei. Astfel, a ap\u0103rut o colec\u021bie unic\u0103 de reprezentan\u021bii variate a faunei de pe p\u0103m\u00e2nt. Aproape 30 de ani ca director \u0219i ghid [&hellip;]<\/p>\n                            <\/div>\n                        <\/a>\n                    <\/div>\n                                    <div>\n                        <a href=\"https:\/\/www.visit.md\/ro\/tour\/military-museum\/\">\n                            <figure>\n                                <img width=\"500\" height=\"235\" src=\"https:\/\/www.visit.md\/wp-content\/uploads\/2017\/02\/Screen-Shot-2017-02-14-at-00.37.15.jpg\" class=\"attachment-500x500 size-500x500\" alt=\"\" loading=\"lazy\" srcset=\"https:\/\/www.visit.md\/wp-content\/uploads\/2017\/02\/Screen-Shot-2017-02-14-at-00.37.15.jpg 1920w, https:\/\/www.visit.md\/wp-content\/uploads\/2017\/02\/Screen-Shot-2017-02-14-at-00.37.15-300x141.jpg 300w, https:\/\/www.visit.md\/wp-content\/uploads\/2017\/02\/Screen-Shot-2017-02-14-at-00.37.15-768x361.jpg 768w, https:\/\/www.visit.md\/wp-content\/uploads\/2017\/02\/Screen-Shot-2017-02-14-at-00.37.15-1024x481.jpg 1024w\" sizes=\"(max-width: 500px) 100vw, 500px\" \/>                            <\/figure>\n\n                            <div class=\"the-heading\">\n                                <mark class=\"the-heading__mark\">Tur virtual<\/mark>\n                                <h4 class=\"the-heading__title\">Muzeul Militar<\/h4>\n                            <\/div>\n\n                            <div class=\"the-description\">\n                                <p>\u041c\u0443\u0437\u0435\u0439 \u0432\u043e\u0435\u043d\u043d\u043e\u0439 \u0442\u0435\u0445\u043d\u0438\u043a\u0438 \u2013 \u044d\u0442\u043e \u0432\u044b\u0441\u0442\u0430\u0432\u043a\u0430 \u0441\u0442\u0430\u0440\u043e\u0433\u043e \u0432\u043e\u043e\u0440\u0443\u0436\u0435\u043d\u0438\u044f, \u043a\u043e\u0442\u043e\u0440\u043e\u0435 \u0438\u0441\u043f\u043e\u043b\u044c\u0437\u043e\u0432\u0430\u043b\u043e\u0441\u044c \u0432 \u041c\u043e\u043b\u0434\u043e\u0432\u0435 \u0432 \u043f\u0440\u0435\u0434\u044b\u0434\u0443\u0449\u0438\u0435 \u0434\u0435\u0441\u044f\u0442\u0438\u043b\u0435\u0442\u0438\u044f. \u0420\u0430\u043d\u044c\u0448\u0435 \u043e\u043d\u0430 \u043d\u0430\u0445\u043e\u0434\u0438\u043b\u0430\u0441\u044c \u0432 \u0434\u0440\u0443\u0433\u043e\u043c \u043c\u0435\u0441\u0442\u0435, \u043d\u043e \u0432 \u043a\u043e\u043d\u0446\u0435 \u0434\u0432\u0443\u0445\u0442\u044b\u0441\u044f\u0447\u043d\u044b\u0445 \u043f\u0435\u0440\u0435\u0435\u0445\u0430\u043b\u0430 \u043d\u0430 \u0442\u0435\u0440\u0440\u0438\u0442\u043e\u0440\u0438\u044e \u0426\u0435\u043d\u0442\u0440\u0430\u043b\u044c\u043d\u043e\u0433\u043e \u0434\u043e\u043c\u0430 \u0430\u0440\u043c\u0438\u0438 \u041a\u0438\u0448\u0438\u043d\u0435\u0432\u0430, \u0442\u0430\u043a\u0436\u0435 \u0438\u0437\u0432\u0435\u0441\u0442\u043d\u043e\u0433\u043e \u043a\u0430\u043a \u0414\u043e\u043c \u043e\u0444\u0438\u0446\u0435\u0440\u043e\u0432. \u041c\u0443\u0437\u0435\u0439 \u0437\u0430\u043d\u0438\u043c\u0430\u0435\u0442 \u0431\u043e\u043a\u043e\u0432\u043e\u0439 \u0434\u0432\u043e\u0440 \u0432\u0435\u043b\u0438\u0447\u0435\u0441\u0442\u0432\u0435\u043d\u043d\u043e\u0433\u043e \u0431\u0435\u043b\u043e\u0441\u043d\u0435\u0436\u043d\u043e\u0433\u043e \u0437\u0434\u0430\u043d\u0438\u044f, \u044d\u0442\u043e \u043e\u0431\u0449\u0435\u0434\u043e\u0441\u0442\u0443\u043f\u043d\u0430\u044f \u0432\u044b\u0441\u0442\u0430\u0432\u043a\u0430 \u043f\u043e\u0434 \u043e\u0442\u043a\u0440\u044b\u0442\u044b\u043c \u043d\u0435\u0431\u043e\u043c, \u0434\u043e\u0441\u0442\u0443\u043f\u043d\u0430\u044f \u0434\u043b\u044f \u043f\u043e\u0441\u0435\u0449\u0435\u043d\u0438\u044f \u043a\u0440\u0443\u0433\u043b\u044b\u0439 \u0433\u043e\u0434. [&hellip;]<\/p>\n                            <\/div>\n                        <\/a>\n                    <\/div>\n                                    <div>\n                        <a href=\"https:\/\/www.visit.md\/ro\/tour\/muzej-vy-chislitel-noj-tehniki\/\">\n                            <figure>\n                                <img width=\"500\" height=\"257\" src=\"https:\/\/www.visit.md\/wp-content\/uploads\/2016\/12\/museum_info.jpg\" class=\"attachment-500x500 size-500x500\" alt=\"\" loading=\"lazy\" srcset=\"https:\/\/www.visit.md\/wp-content\/uploads\/2016\/12\/museum_info.jpg 1918w, https:\/\/www.visit.md\/wp-content\/uploads\/2016\/12\/museum_info-300x154.jpg 300w, https:\/\/www.visit.md\/wp-content\/uploads\/2016\/12\/museum_info-768x394.jpg 768w, https:\/\/www.visit.md\/wp-content\/uploads\/2016\/12\/museum_info-1024x525.jpg 1024w\" sizes=\"(max-width: 500px) 100vw, 500px\" \/>                            <\/figure>\n\n                            <div class=\"the-heading\">\n                                <mark class=\"the-heading__mark\">Tur virtual<\/mark>\n                                <h4 class=\"the-heading__title\">Muzeul tehnicii de calcul<\/h4>\n                            <\/div>\n\n                            <div class=\"the-description\">\n                                <p>In Chisinau s-a deschis muzeul tehnicii de calcul.&nbsp;Dorin\u021ba de a \u00eenv\u0103\u021ba totul \u00een r\u0103d\u0103cin\u0103 a fost motivul pentru asamblarea primului calculator de al 2-a genera\u021bie. O colectie de 3 calculatoare de diferite generatii a crescut \u0219i sa transformat \u00eentr-un muzeu. \u00cen prezent, muzeul are mai mult de 200 de exponate &#8211; calculatoare functionabile, inclusiv cele [&hellip;]<\/p>\n                            <\/div>\n                        <\/a>\n                    <\/div>\n                            <\/div>\n                    <h2>Natura<\/h2>\n\n            <div class=\"tours-grid\">\n                                    <div>\n                        <a href=\"https:\/\/www.visit.md\/ro\/tour\/lacul-beleu\/\">\n                            <figure>\n                                <img width=\"500\" height=\"267\" src=\"https:\/\/www.visit.md\/wp-content\/uploads\/2020\/07\/Beleu-2.jpg\" class=\"attachment-500x500 size-500x500\" alt=\"Lacul Beleu\" loading=\"lazy\" srcset=\"https:\/\/www.visit.md\/wp-content\/uploads\/2020\/07\/Beleu-2.jpg 1920w, https:\/\/www.visit.md\/wp-content\/uploads\/2020\/07\/Beleu-2-300x160.jpg 300w, https:\/\/www.visit.md\/wp-content\/uploads\/2020\/07\/Beleu-2-1024x546.jpg 1024w, https:\/\/www.visit.md\/wp-content\/uploads\/2020\/07\/Beleu-2-768x410.jpg 768w, https:\/\/www.visit.md\/wp-content\/uploads\/2020\/07\/Beleu-2-1536x819.jpg 1536w, https:\/\/www.visit.md\/wp-content\/uploads\/2020\/07\/Beleu-2-1200x640.jpg 1200w\" sizes=\"(max-width: 500px) 100vw, 500px\" \/>                            <\/figure>\n\n                            <div class=\"the-heading\">\n                                <mark class=\"the-heading__mark\">Tur virtual<\/mark>\n                                <h4 class=\"the-heading__title\">Lacul Beleu: schimbarea la fa\u021b\u0103<\/h4>\n                            <\/div>\n\n                            <div class=\"the-description\">\n                                <p>Lunca Prutului Inferior reprezinta o splendida suprafata protejata, cunoscut\u0103 sub denumirea de Prutul de Jos. pe partea stanga \u0219i dreapta a Prutului. Ambele arii protejate formeaz\u0103 un nucleu, cu destinatia conservarii biodiversitatii, parte a biomului Delta Dunarii, cu imensele capacit\u0103\u021bi ecologice de protectie a tezaurului natural. Anual, \u00een aceste perioade trec \u00een pasaj peste 20 [&hellip;]<\/p>\n                            <\/div>\n                        <\/a>\n                    <\/div>\n                                    <div>\n                        <a href=\"https:\/\/www.visit.md\/ro\/tour\/campuri-de-lavanda\/\">\n                            <figure>\n                                <img width=\"500\" height=\"234\" src=\"https:\/\/www.visit.md\/wp-content\/uploads\/2017\/03\/Screen-Shot-2017-06-27-at-12.25.28.jpg\" class=\"attachment-500x500 size-500x500\" alt=\"C\u00e2mpuri de lavand\u0103\" loading=\"lazy\" srcset=\"https:\/\/www.visit.md\/wp-content\/uploads\/2017\/03\/Screen-Shot-2017-06-27-at-12.25.28.jpg 1900w, https:\/\/www.visit.md\/wp-content\/uploads\/2017\/03\/Screen-Shot-2017-06-27-at-12.25.28-300x141.jpg 300w, https:\/\/www.visit.md\/wp-content\/uploads\/2017\/03\/Screen-Shot-2017-06-27-at-12.25.28-768x360.jpg 768w, https:\/\/www.visit.md\/wp-content\/uploads\/2017\/03\/Screen-Shot-2017-06-27-at-12.25.28-1024x480.jpg 1024w\" sizes=\"(max-width: 500px) 100vw, 500px\" \/>                            <\/figure>\n\n                            <div class=\"the-heading\">\n                                <mark class=\"the-heading__mark\">Tur virtual<\/mark>\n                                <h4 class=\"the-heading__title\">C\u00e2mpuri de lavand\u0103<\/h4>\n                            <\/div>\n\n                            <div class=\"the-description\">\n                                <p>Instagramul moldovenesc vara este inundat cu diferite culori, la \u00eenceput este galben de la rapi\u021b\u0103, apoi ro\u0219u de la maci, acum violet de la fotografiile din c\u00e2mpurile de lavand\u0103, iar \u00een august totul este \u00een floarea soarelui \u0219i gr\u00e2u. Dintre toate plantele, lavanda \u00een fotografii este cea mai impresionant\u0103. Pentru a face o poz\u0103 \u00een [&hellip;]<\/p>\n                            <\/div>\n                        <\/a>\n                    <\/div>\n                                    <div>\n                        <a href=\"https:\/\/www.visit.md\/ro\/tour\/la-castel\/\">\n                            <figure>\n                                <img width=\"500\" height=\"243\" src=\"https:\/\/www.visit.md\/wp-content\/uploads\/2020\/06\/castel.jpg\" class=\"attachment-500x500 size-500x500\" alt=\"la castel\" loading=\"lazy\" srcset=\"https:\/\/www.visit.md\/wp-content\/uploads\/2020\/06\/castel.jpg 1480w, https:\/\/www.visit.md\/wp-content\/uploads\/2020\/06\/castel-300x146.jpg 300w, https:\/\/www.visit.md\/wp-content\/uploads\/2020\/06\/castel-1024x498.jpg 1024w, https:\/\/www.visit.md\/wp-content\/uploads\/2020\/06\/castel-768x374.jpg 768w, https:\/\/www.visit.md\/wp-content\/uploads\/2020\/06\/castel-1200x584.jpg 1200w\" sizes=\"(max-width: 500px) 100vw, 500px\" \/>                            <\/figure>\n\n                            <div class=\"the-heading\">\n                                <mark class=\"the-heading__mark\">Tur virtual<\/mark>\n                                <h4 class=\"the-heading__title\">Rezervatia Peisagistica &#8220;La Castel&#8221;<\/h4>\n                            <\/div>\n\n                            <div class=\"the-description\">\n                                <p>Defileul La Castel, situat deasupra v\u0103ii r\u00e2ului Racov\u0103\u021b, l\u00e2ng\u0103 satul Gordine\u0219ti, este un loc unic. Aceasta este o minune a naturii, mo\u0219tenit\u0103 de noi datorit\u0103 depozitelor multimilionare din vremuri str\u0103vechi. Aici pute\u021bi descoperi, peisaje care v\u0103 m\u00e2ng\u00e2ie ochii, de asemenea flor\u0103 \u0219i faun\u0103 bogat\u0103 \u0219i cel mai remarcabil este s\u0103 auzi\u021bi legendele locale asociate cu [&hellip;]<\/p>\n                            <\/div>\n                        <\/a>\n                    <\/div>\n                                    <div>\n                        <a href=\"https:\/\/www.visit.md\/ro\/tour\/naslavcha-severnyj-poljus-moldovy\/\">\n                            <figure>\n                                <img width=\"500\" height=\"288\" src=\"https:\/\/www.visit.md\/wp-content\/uploads\/2020\/05\/naslavcia-1.jpg\" class=\"attachment-500x500 size-500x500\" alt=\"naslavcia\" loading=\"lazy\" srcset=\"https:\/\/www.visit.md\/wp-content\/uploads\/2020\/05\/naslavcia-1.jpg 1400w, https:\/\/www.visit.md\/wp-content\/uploads\/2020\/05\/naslavcia-1-300x173.jpg 300w, https:\/\/www.visit.md\/wp-content\/uploads\/2020\/05\/naslavcia-1-1024x590.jpg 1024w, https:\/\/www.visit.md\/wp-content\/uploads\/2020\/05\/naslavcia-1-768x442.jpg 768w, https:\/\/www.visit.md\/wp-content\/uploads\/2020\/05\/naslavcia-1-1200x691.jpg 1200w\" sizes=\"(max-width: 500px) 100vw, 500px\" \/>                            <\/figure>\n\n                            <div class=\"the-heading\">\n                                <mark class=\"the-heading__mark\">Tur virtual<\/mark>\n                                <h4 class=\"the-heading__title\">Naslavcea &#8211; polul nord al Moldovei<\/h4>\n                            <\/div>\n\n                            <div class=\"the-description\">\n                                <p>Naslavcea este cel mai nordic punct al \u021b\u0103rii noastre. R\u00eeul de mic\u0103 ad\u00e2ncime din Kisar\u0103u \u00eemparte \u00een jum\u0103tate partea de sud-est a satului, iar periferia de Nord se \u00eendreapt\u0103 spre malurile Nistrului. Aceast\u0103 frumuse\u021be uimitoare a col\u021bului Nordului este numit\u0103 \u0219i Carpa\u021bi moldoveni mici pentru asem\u0103narea sa cu satul muntos. \u00cen documentele istorice din Evul [&hellip;]<\/p>\n                            <\/div>\n                        <\/a>\n                    <\/div>\n                                    <div>\n                        <a href=\"https:\/\/www.visit.md\/ro\/tour\/moldavskie-toltry-feteshty\/\">\n                            <figure>\n                                <img width=\"500\" height=\"294\" src=\"https:\/\/www.visit.md\/wp-content\/uploads\/2020\/05\/fetesti.jpg\" class=\"attachment-500x500 size-500x500\" alt=\"\" loading=\"lazy\" srcset=\"https:\/\/www.visit.md\/wp-content\/uploads\/2020\/05\/fetesti.jpg 2000w, https:\/\/www.visit.md\/wp-content\/uploads\/2020\/05\/fetesti-300x177.jpg 300w, https:\/\/www.visit.md\/wp-content\/uploads\/2020\/05\/fetesti-1024x603.jpg 1024w, https:\/\/www.visit.md\/wp-content\/uploads\/2020\/05\/fetesti-768x452.jpg 768w, https:\/\/www.visit.md\/wp-content\/uploads\/2020\/05\/fetesti-1536x904.jpg 1536w, https:\/\/www.visit.md\/wp-content\/uploads\/2020\/05\/fetesti-1200x706.jpg 1200w\" sizes=\"(max-width: 500px) 100vw, 500px\" \/>                            <\/figure>\n\n                            <div class=\"the-heading\">\n                                <mark class=\"the-heading__mark\">Tur virtual<\/mark>\n                                <h4 class=\"the-heading__title\">Toltrele moldovene\u015fti: Fete\u015fti<\/h4>\n                            <\/div>\n\n                            <div class=\"the-description\">\n                                <p>\u0421e se nume\u0219te mica noastr\u0103 Elve\u021bie Moldoveneasc\u0103? Desigur, rezerva\u021bia peisajului Fete\u0219ti, situat\u0103 \u00een raionul Edine\u021b. Aici sunt cunoscute crestele de calcar toltre, \u00een grotele \u0219i pe\u0219terile c\u0103rora sa stabilit omul primitiv.. Ele sunt forma\u021biuni geologice unice. 10-20 milioane de ani \u00een urm\u0103, \u00een acest teritoriu a evoluat o depresiune de munte, mai \u00eent\u00e2i umplut cu [&hellip;]<\/p>\n                            <\/div>\n                        <\/a>\n                    <\/div>\n                                    <div>\n                        <a href=\"https:\/\/www.visit.md\/ro\/tour\/cave-syurpriznaya\/\">\n                            <figure>\n                                <img width=\"500\" height=\"262\" src=\"https:\/\/www.visit.md\/wp-content\/uploads\/2017\/03\/Screen-Shot-2017-03-26-at-21.16.47.jpg\" class=\"attachment-500x500 size-500x500\" alt=\"\" loading=\"lazy\" srcset=\"https:\/\/www.visit.md\/wp-content\/uploads\/2017\/03\/Screen-Shot-2017-03-26-at-21.16.47.jpg 1900w, https:\/\/www.visit.md\/wp-content\/uploads\/2017\/03\/Screen-Shot-2017-03-26-at-21.16.47-300x157.jpg 300w, https:\/\/www.visit.md\/wp-content\/uploads\/2017\/03\/Screen-Shot-2017-03-26-at-21.16.47-768x403.jpg 768w, https:\/\/www.visit.md\/wp-content\/uploads\/2017\/03\/Screen-Shot-2017-03-26-at-21.16.47-1024x537.jpg 1024w\" sizes=\"(max-width: 500px) 100vw, 500px\" \/>                            <\/figure>\n\n                            <div class=\"the-heading\">\n                                <mark class=\"the-heading__mark\">Tur virtual<\/mark>\n                                <h4 class=\"the-heading__title\">Pe\u0219tera Surprizelor<\/h4>\n                            <\/div>\n\n                            <div class=\"the-description\">\n                                <p>O list\u0103 de recomand\u0103ri atunci c\u00e2nd vizita\u021bi Pe\u0219tera Surprizelor: Nu este recomandat s\u0103 cobori singur \u00een pe\u0219ter\u0103. Pe\u0219tera nu este \u201eturistic\u0103\u201d \u0219i prezen\u021ba \u00een ea este periculoas\u0103. Cobor\u00e2rea sigur\u0103 \u00een pe\u0219ter\u0103 este posibil\u0103 numai dac\u0103 este \u00eenso\u021bit\u0103 de o persoan\u0103 competent\u0103 cu experien\u021b\u0103 \u00een trecerea pe\u0219terilor. Folosi\u021bi echipamente adecvate \u00een timpul cobor\u00e2rii: salopet\u0103 din \u021bes\u0103tur\u0103 [&hellip;]<\/p>\n                            <\/div>\n                        <\/a>\n                    <\/div>\n                                    <div>\n                        <a href=\"https:\/\/www.visit.md\/ro\/tour\/edinetskie-toltry\/\">\n                            <figure>\n                                <img width=\"500\" height=\"233\" src=\"https:\/\/www.visit.md\/wp-content\/uploads\/2017\/10\/Screen-Shot-2017-10-25-at-10.21.55.jpg\" class=\"attachment-500x500 size-500x500\" alt=\"\" loading=\"lazy\" srcset=\"https:\/\/www.visit.md\/wp-content\/uploads\/2017\/10\/Screen-Shot-2017-10-25-at-10.21.55.jpg 3352w, https:\/\/www.visit.md\/wp-content\/uploads\/2017\/10\/Screen-Shot-2017-10-25-at-10.21.55-300x140.jpg 300w, https:\/\/www.visit.md\/wp-content\/uploads\/2017\/10\/Screen-Shot-2017-10-25-at-10.21.55-768x358.jpg 768w, https:\/\/www.visit.md\/wp-content\/uploads\/2017\/10\/Screen-Shot-2017-10-25-at-10.21.55-1024x477.jpg 1024w\" sizes=\"(max-width: 500px) 100vw, 500px\" \/>                            <\/figure>\n\n                            <div class=\"the-heading\">\n                                <mark class=\"the-heading__mark\">Tur virtual<\/mark>\n                                <h4 class=\"the-heading__title\">Toltrele moldovene\u015fti: V\u0103ratic<\/h4>\n                            <\/div>\n\n                            <div class=\"the-description\">\n                                <p>Toltrele s\u00eent lan\u0163uri de recifi calcaro\u0219i, care au o v\u00eerst\u0103 mai \u00eenaintat\u0103 dec\u00eet mun\u0163ii Carpa\u0163i. Ace\u0219ti recifi au ap\u0103rut cu 15-20 de milioane de ani \u00een urm\u0103, c\u00eend M\u0103rile Tortonian\u0103 \u0219i Sarmatic\u0103 s-au retras de pe meleagurile noastre. Toltrele s\u00eent un monument natural cu valoare de unicat, mai mult, asemenea recife se \u00eent\u00eelnesc pe glob [&hellip;]<\/p>\n                            <\/div>\n                        <\/a>\n                    <\/div>\n                                    <div>\n                        <a href=\"https:\/\/www.visit.md\/ro\/tour\/duruitoarea-veche\/\">\n                            <figure>\n                                <img width=\"500\" height=\"234\" src=\"https:\/\/www.visit.md\/wp-content\/uploads\/2017\/06\/Screen-Shot-2017-06-02-at-16.46.12.jpg\" class=\"attachment-500x500 size-500x500\" alt=\"\" loading=\"lazy\" srcset=\"https:\/\/www.visit.md\/wp-content\/uploads\/2017\/06\/Screen-Shot-2017-06-02-at-16.46.12.jpg 1900w, https:\/\/www.visit.md\/wp-content\/uploads\/2017\/06\/Screen-Shot-2017-06-02-at-16.46.12-300x140.jpg 300w, https:\/\/www.visit.md\/wp-content\/uploads\/2017\/06\/Screen-Shot-2017-06-02-at-16.46.12-768x359.jpg 768w, https:\/\/www.visit.md\/wp-content\/uploads\/2017\/06\/Screen-Shot-2017-06-02-at-16.46.12-1024x479.jpg 1024w\" sizes=\"(max-width: 500px) 100vw, 500px\" \/>                            <\/figure>\n\n                            <div class=\"the-heading\">\n                                <mark class=\"the-heading__mark\">Tur virtual<\/mark>\n                                <h4 class=\"the-heading__title\">Duruitoarea Veche<\/h4>\n                            <\/div>\n\n                            <div class=\"the-description\">\n                                <p>Nu departe de or\u0103\u015felul Coste\u015fti, la est de satul cu acela\u015fi nume, curge r\u00eeul Duruitoarea, un afluent al r\u00eeului Ciugur, care a s\u0103pat \u00een toltre un defileu ad\u00eenc. Pantele sale calcaroase abrupte s\u00eent marcate de grote, \u00eenfrumuse\u0163ate cu st\u00eenci, ce au cele mai neobi\u015fnuite forme. Grota Duruitoarea Veche este cunoscut\u0103 ca o a\u015fezare str\u0103veche din [&hellip;]<\/p>\n                            <\/div>\n                        <\/a>\n                    <\/div>\n                            <\/div>\n            <\/div>\n        <\/div>\n        \n\n","protected":false},"excerpt":{"rendered":"<p>Sarcina a fost s\u0103 v\u0103 odihni\u021bi cu un sejur peste noapte, pentru transportare este o ma\u0219in\u0103. Testul a fost realizat \u00eenc\u0103 de al\u021bi doi tineri cu un copil de aproape doi ani, \u0219i uneori \u00eempreun\u0103 cu prieteni. Deodat\u0103 v\u0103 anun\u021b c\u0103 trebuie s\u0103 rezerva\u021bi peste tot \u00een prealabil, weekend-urile sunt de obicei ocupate cu c\u00e2teva [&hellip;]<\/p>\n","protected":false},"author":1,"featured_media":0,"comment_status":"open","ping_status":"open","sticky":false,"template":"","format":"standard","meta":{"yoast_comp_og_description_ru":"","yoast_comp_og_description_ro":"","yoast_comp_og_description_en":"","yoast_comp_og_image_ru":"http:\/\/www.visit.md\/wp-content\/uploads\/2020\/07\/109455547_3344874078885847_4210096863025961531_o.jpg","yoast_comp_og_image_ro":"http:\/\/www.visit.md\/wp-content\/uploads\/2020\/07\/109455547_3344874078885847_4210096863025961531_o.jpg","yoast_comp_og_image_en":""},"categories":[1],"tags":[],"translation":{"provider":"WPGlobus","version":"2.8.11","language":"ro","enabled_languages":["ru","ro","en"],"languages":{"ru":{"title":true,"content":true,"excerpt":false},"ro":{"title":true,"content":true,"excerpt":false},"en":{"title":false,"content":false,"excerpt":false}}},"yoast_head":"<!-- This site is optimized with the Yoast SEO plugin v18.8 - https:\/\/yoast.com\/wordpress\/plugins\/seo\/ -->\n<title>Unde s\u0103 te odihne\u0219ti cu copilul t\u0103u? Compar\u0103m 4 centre de agrement! - Visit.MD<\/title>\n<meta name=\"robots\" content=\"index, follow, max-snippet:-1, max-image-preview:large, max-video-preview:-1\" \/>\n<link rel=\"canonical\" href=\"https:\/\/www.visit.md\/ro\/pensiuni-comparatie-1\/\" \/>\n<meta property=\"og:locale\" content=\"ro_RO\" \/>\n<meta property=\"og:type\" content=\"article\" \/>\n<meta property=\"og:title\" content=\"Unde s\u0103 te odihne\u0219ti cu copilul t\u0103u? Compar\u0103m 4 centre de agrement! - Visit.MD\" \/>\n<meta property=\"og:url\" content=\"https:\/\/www.visit.md\/ro\/pensiuni-comparatie-1\/\" \/>\n<meta property=\"og:site_name\" content=\"Visit.MD\" \/>\n<meta property=\"article:published_time\" content=\"2020-07-23T08:01:44+00:00\" \/>\n<meta property=\"article:modified_time\" content=\"2020-07-23T08:29:13+00:00\" \/>\n<meta property=\"og:image\" content=\"http:\/\/www.visit.md\/wp-content\/uploads\/2020\/07\/109455547_3344874078885847_4210096863025961531_o.jpg\" \/>\n<meta name=\"twitter:card\" content=\"summary_large_image\" \/>\n<meta name=\"twitter:label1\" content=\"Written by\" \/>\n\t<meta name=\"twitter:data1\" content=\"admin\" \/>\n\t<meta name=\"twitter:label2\" content=\"Est. reading time\" \/>\n\t<meta name=\"twitter:data2\" content=\"5 minutes\" \/>\n<script type=\"application\/ld+json\" class=\"yoast-schema-graph\">{\"@context\":\"https:\/\/schema.org\",\"@graph\":[{\"@type\":\"WebSite\",\"@id\":\"https:\/\/www.visit.md\/#website\",\"url\":\"https:\/\/www.visit.md\/\",\"name\":\"Visit.MD\",\"description\":\"Tururi virtuale din Moldova\",\"potentialAction\":[{\"@type\":\"SearchAction\",\"target\":{\"@type\":\"EntryPoint\",\"urlTemplate\":\"https:\/\/www.visit.md\/?s={search_term_string}\"},\"query-input\":\"required name=search_term_string\"}],\"inLanguage\":\"ro-RO\"},{\"@type\":\"ImageObject\",\"inLanguage\":\"ro-RO\",\"@id\":\"https:\/\/www.visit.md\/ro\/pensiuni-comparatie-1\/#primaryimage\",\"url\":\"http:\/\/www.visit.md\/wp-content\/uploads\/2020\/07\/109455547_3344874078885847_4210096863025961531_o-1024x1024.jpg\",\"contentUrl\":\"http:\/\/www.visit.md\/wp-content\/uploads\/2020\/07\/109455547_3344874078885847_4210096863025961531_o-1024x1024.jpg\"},{\"@type\":\"WebPage\",\"@id\":\"https:\/\/www.visit.md\/ro\/pensiuni-comparatie-1\/#webpage\",\"url\":\"https:\/\/www.visit.md\/ro\/pensiuni-comparatie-1\/\",\"name\":\"Unde s\u0103 te odihne\u0219ti cu copilul t\u0103u? Compar\u0103m 4 centre de agrement! - Visit.MD\",\"isPartOf\":{\"@id\":\"https:\/\/www.visit.md\/#website\"},\"primaryImageOfPage\":{\"@id\":\"https:\/\/www.visit.md\/ro\/pensiuni-comparatie-1\/#primaryimage\"},\"datePublished\":\"2020-07-23T08:01:44+00:00\",\"dateModified\":\"2020-07-23T08:29:13+00:00\",\"author\":{\"@id\":\"https:\/\/www.visit.md\/#\/schema\/person\/d49a3085c8816271248752849fbc2410\"},\"breadcrumb\":{\"@id\":\"https:\/\/www.visit.md\/ro\/pensiuni-comparatie-1\/#breadcrumb\"},\"inLanguage\":\"ro-RO\",\"potentialAction\":[{\"@type\":\"ReadAction\",\"target\":[\"https:\/\/www.visit.md\/ro\/pensiuni-comparatie-1\/\"]}]},{\"@type\":\"BreadcrumbList\",\"@id\":\"https:\/\/www.visit.md\/ro\/pensiuni-comparatie-1\/#breadcrumb\",\"itemListElement\":[{\"@type\":\"ListItem\",\"position\":1,\"name\":\"Home\",\"item\":\"https:\/\/www.visit.md\/\"},{\"@type\":\"ListItem\",\"position\":2,\"name\":\"Unde s\u0103 te odihne\u0219ti cu copilul t\u0103u? Compar\u0103m 4 centre de agrement!\"}]},{\"@type\":\"Person\",\"@id\":\"https:\/\/www.visit.md\/#\/schema\/person\/d49a3085c8816271248752849fbc2410\",\"name\":\"admin\",\"image\":{\"@type\":\"ImageObject\",\"inLanguage\":\"ro-RO\",\"@id\":\"https:\/\/www.visit.md\/#\/schema\/person\/image\/\",\"url\":\"https:\/\/secure.gravatar.com\/avatar\/9ed22cb467f030e0ee636cc35a6ddfd7?s=96&d=mm&r=g\",\"contentUrl\":\"https:\/\/secure.gravatar.com\/avatar\/9ed22cb467f030e0ee636cc35a6ddfd7?s=96&d=mm&r=g\",\"caption\":\"admin\"},\"url\":\"https:\/\/www.visit.md\/ro\/author\/admin\/\"}]}<\/script>\n<!-- \/ Yoast SEO plugin. -->","yoast_head_json":{"title":"Unde s\u0103 te odihne\u0219ti cu copilul t\u0103u? Compar\u0103m 4 centre de agrement! - Visit.MD","robots":{"index":"index","follow":"follow","max-snippet":"max-snippet:-1","max-image-preview":"max-image-preview:large","max-video-preview":"max-video-preview:-1"},"canonical":"https:\/\/www.visit.md\/ro\/pensiuni-comparatie-1\/","og_locale":"ro_RO","og_type":"article","og_title":"Unde s\u0103 te odihne\u0219ti cu copilul t\u0103u? Compar\u0103m 4 centre de agrement! - Visit.MD","og_url":"https:\/\/www.visit.md\/ro\/pensiuni-comparatie-1\/","og_site_name":"Visit.MD","article_published_time":"2020-07-23T08:01:44+00:00","article_modified_time":"2020-07-23T08:29:13+00:00","og_image":[{"url":"http:\/\/www.visit.md\/wp-content\/uploads\/2020\/07\/109455547_3344874078885847_4210096863025961531_o.jpg"}],"twitter_card":"summary_large_image","twitter_misc":{"Written by":"admin","Est. reading time":"5 minutes"},"schema":{"@context":"https:\/\/schema.org","@graph":[{"@type":"WebSite","@id":"https:\/\/www.visit.md\/#website","url":"https:\/\/www.visit.md\/","name":"Visit.MD","description":"Tururi virtuale din Moldova","potentialAction":[{"@type":"SearchAction","target":{"@type":"EntryPoint","urlTemplate":"https:\/\/www.visit.md\/?s={search_term_string}"},"query-input":"required name=search_term_string"}],"inLanguage":"ro-RO"},{"@type":"ImageObject","inLanguage":"ro-RO","@id":"https:\/\/www.visit.md\/ro\/pensiuni-comparatie-1\/#primaryimage","url":"http:\/\/www.visit.md\/wp-content\/uploads\/2020\/07\/109455547_3344874078885847_4210096863025961531_o-1024x1024.jpg","contentUrl":"http:\/\/www.visit.md\/wp-content\/uploads\/2020\/07\/109455547_3344874078885847_4210096863025961531_o-1024x1024.jpg"},{"@type":"WebPage","@id":"https:\/\/www.visit.md\/ro\/pensiuni-comparatie-1\/#webpage","url":"https:\/\/www.visit.md\/ro\/pensiuni-comparatie-1\/","name":"Unde s\u0103 te odihne\u0219ti cu copilul t\u0103u? Compar\u0103m 4 centre de agrement! - Visit.MD","isPartOf":{"@id":"https:\/\/www.visit.md\/#website"},"primaryImageOfPage":{"@id":"https:\/\/www.visit.md\/ro\/pensiuni-comparatie-1\/#primaryimage"},"datePublished":"2020-07-23T08:01:44+00:00","dateModified":"2020-07-23T08:29:13+00:00","author":{"@id":"https:\/\/www.visit.md\/#\/schema\/person\/d49a3085c8816271248752849fbc2410"},"breadcrumb":{"@id":"https:\/\/www.visit.md\/ro\/pensiuni-comparatie-1\/#breadcrumb"},"inLanguage":"ro-RO","potentialAction":[{"@type":"ReadAction","target":["https:\/\/www.visit.md\/ro\/pensiuni-comparatie-1\/"]}]},{"@type":"BreadcrumbList","@id":"https:\/\/www.visit.md\/ro\/pensiuni-comparatie-1\/#breadcrumb","itemListElement":[{"@type":"ListItem","position":1,"name":"Home","item":"https:\/\/www.visit.md\/"},{"@type":"ListItem","position":2,"name":"Unde s\u0103 te odihne\u0219ti cu copilul t\u0103u? Compar\u0103m 4 centre de agrement!"}]},{"@type":"Person","@id":"https:\/\/www.visit.md\/#\/schema\/person\/d49a3085c8816271248752849fbc2410","name":"admin","image":{"@type":"ImageObject","inLanguage":"ro-RO","@id":"https:\/\/www.visit.md\/#\/schema\/person\/image\/","url":"https:\/\/secure.gravatar.com\/avatar\/9ed22cb467f030e0ee636cc35a6ddfd7?s=96&d=mm&r=g","contentUrl":"https:\/\/secure.gravatar.com\/avatar\/9ed22cb467f030e0ee636cc35a6ddfd7?s=96&d=mm&r=g","caption":"admin"},"url":"https:\/\/www.visit.md\/ro\/author\/admin\/"}]}},"_links":{"self":[{"href":"https:\/\/www.visit.md\/ro\/wp-json\/wp\/v2\/posts\/1060"}],"collection":[{"href":"https:\/\/www.visit.md\/ro\/wp-json\/wp\/v2\/posts"}],"about":[{"href":"https:\/\/www.visit.md\/ro\/wp-json\/wp\/v2\/types\/post"}],"author":[{"embeddable":true,"href":"https:\/\/www.visit.md\/ro\/wp-json\/wp\/v2\/users\/1"}],"replies":[{"embeddable":true,"href":"https:\/\/www.visit.md\/ro\/wp-json\/wp\/v2\/comments?post=1060"}],"version-history":[{"count":10,"href":"https:\/\/www.visit.md\/ro\/wp-json\/wp\/v2\/posts\/1060\/revisions"}],"predecessor-version":[{"id":1071,"href":"https:\/\/www.visit.md\/ro\/wp-json\/wp\/v2\/posts\/1060\/revisions\/1071"}],"wp:attachment":[{"href":"https:\/\/www.visit.md\/ro\/wp-json\/wp\/v2\/media?parent=1060"}],"wp:term":[{"taxonomy":"category","embeddable":true,"href":"https:\/\/www.visit.md\/ro\/wp-json\/wp\/v2\/categories?post=1060"},{"taxonomy":"post_tag","embeddable":true,"href":"https:\/\/www.visit.md\/ro\/wp-json\/wp\/v2\/tags?post=1060"}],"curies":[{"name":"wp","href":"https:\/\/api.w.org\/{rel}","templated":true}]}}